{"id":5013,"date":"2009-07-10T10:14:29","date_gmt":"2009-07-10T14:14:29","guid":{"rendered":"http:\/\/www.redenoticia.com.br\/noticia\/?p=5013"},"modified":"2009-07-10T10:14:29","modified_gmt":"2009-07-10T14:14:29","slug":"previsao-do-tempo-indica-que-frente-fria-em-sao-paulo","status":"publish","type":"post","link":"https:\/\/www.redenoticia.com.br\/noticia\/2009\/previsao-do-tempo-indica-que-frente-fria-em-sao-paulo\/5013","title":{"rendered":"Previs\u00e3o do tempo indica que frente fria em S\u00e3o Paulo"},"content":{"rendered":"<p>A aproxima\u00e7\u00e3o de uma frente fria aumenta a quantidade de nuvens sobre a Grande Paulo e de acordo com os meteorologistas da Somar, logo no come\u00e7o da tarde s\u00e3o esperadas pancadas de chuva, que podem vir com forte intensidade at\u00e9 o fim da sexta-feira (10), aumentando o potencial para transtornos como alagamentos. Como acontecem aberturas de sol, principalmente pela manh\u00e3, o tempo fica abafado e m\u00e1xima deve atingir os 26\u00b0C hoje.<\/p>\n<p>O tempo permanece inst\u00e1vel na Grande S\u00e3o Paulo neste s\u00e1bado e h\u00e1 previs\u00e3o de chuva a qualquer hora do dia, que podem vir com intensidade moderada a forte em alguns momentos da manh\u00e3. A partir do fim da tarde a instabilidade diminui e a tend\u00eancia \u00e9 de tempo mais firme. A sensa\u00e7\u00e3o ser\u00e1 de frio no decorrer do s\u00e1bado, \u00e1 que a m\u00e1xima n\u00e3o dever\u00e1 passar dos 19\u00b0C.<\/p>\n<p>No domingo, uma massa de ar seco e frio ganha for\u00e7a e garante tempo seco na Capital. As temperaturas continuam baixas e oscilam entre m\u00ednima de 12\u00b0C e m\u00e1xima de 19\u00b0C.<\/p>\n<p>Somar Meteorologia<\/p>\n","protected":false},"excerpt":{"rendered":"<p>A aproxima\u00e7\u00e3o de uma frente fria aumenta a quantidade de nuvens sobre a Grande Paulo e de acordo com os meteorologistas da Somar, logo no come\u00e7o da tarde s\u00e3o esperadas pancadas de chuva, que podem vir com forte intensidade at\u00e9 o fim da sexta-feira (10), aumentando o potencial para transtornos como alagamentos. Como acontecem aberturas [&hellip;]<\/p>\n","protected":false},"author":3,"featured_media":0,"comment_status":"open","ping_status":"open","sticky":false,"template":"","format":"standard","meta":{"_genesis_hide_title":false,"_genesis_hide_breadcrumbs":false,"_genesis_hide_singular_image":false,"_genesis_hide_footer_widgets":false,"_genesis_custom_body_class":"","_genesis_custom_post_class":"","_genesis_layout":"","_jetpack_memberships_contains_paid_content":false,"footnotes":""},"categories":[22],"tags":[],"class_list":{"0":"post-5013","1":"post","2":"type-post","3":"status-publish","4":"format-standard","6":"category-brasil","7":"entry","8":"gs-1","9":"gs-odd","10":"gs-even","11":"gs-featured-content-entry"},"jetpack_featured_media_url":"","jetpack_sharing_enabled":true,"jetpack_likes_enabled":true,"_links":{"self":[{"href":"https:\/\/www.redenoticia.com.br\/noticia\/wp-json\/wp\/v2\/posts\/5013","targetHints":{"allow":["GET"]}}],"collection":[{"href":"https:\/\/www.redenoticia.com.br\/noticia\/wp-json\/wp\/v2\/posts"}],"about":[{"href":"https:\/\/www.redenoticia.com.br\/noticia\/wp-json\/wp\/v2\/types\/post"}],"author":[{"embeddable":true,"href":"https:\/\/www.redenoticia.com.br\/noticia\/wp-json\/wp\/v2\/users\/3"}],"replies":[{"embeddable":true,"href":"https:\/\/www.redenoticia.com.br\/noticia\/wp-json\/wp\/v2\/comments?post=5013"}],"version-history":[{"count":0,"href":"https:\/\/www.redenoticia.com.br\/noticia\/wp-json\/wp\/v2\/posts\/5013\/revisions"}],"wp:attachment":[{"href":"https:\/\/www.redenoticia.com.br\/noticia\/wp-json\/wp\/v2\/media?parent=5013"}],"wp:term":[{"taxonomy":"category","embeddable":true,"href":"https:\/\/www.redenoticia.com.br\/noticia\/wp-json\/wp\/v2\/categories?post=5013"},{"taxonomy":"post_tag","embeddable":true,"href":"https:\/\/www.redenoticia.com.br\/noticia\/wp-json\/wp\/v2\/tags?post=5013"}],"curies":[{"name":"wp","href":"https:\/\/api.w.org\/{rel}","templated":true}]}}