{"id":49948,"date":"2013-11-19T15:29:12","date_gmt":"2013-11-19T17:29:12","guid":{"rendered":"http:\/\/www.redenoticia.com.br\/noticia\/?p=49948"},"modified":"2013-11-19T15:29:12","modified_gmt":"2013-11-19T17:29:12","slug":"inscricoes-para-pos-na-medicina-da-usp","status":"publish","type":"post","link":"https:\/\/www.redenoticia.com.br\/noticia\/2013\/inscricoes-para-pos-na-medicina-da-usp\/49948","title":{"rendered":"Inscri\u00e7\u00f5es para p\u00f3s na Medicina da USP"},"content":{"rendered":"<p>Ag\u00eancia FAPESP\u00a0\u2013 A Faculdade de Medicina de Ribeir\u00e3o Preto da Universidade de S\u00e3o Paulo (FMRP\/USP) est\u00e1 com inscri\u00e7\u00f5es abertas, at\u00e9 22 de novembro, para os cursos de <em><strong>mestrado e doutorado<\/strong><\/em> em Oncologia cl\u00ednica, c\u00e9lulas-tronco e terapia celular e mestrado profissional em Biotecnologia.<\/p>\n<p>O programa de p\u00f3s-gradua\u00e7\u00e3o em Oncologia cl\u00ednica, c\u00e9lulas-tronco e terapia celular oferece cinco vagas para mestrado e cinco para doutorado. Biologia do c\u00e2ncer, bases moleculares da pluripot\u00eancia e ciclo celular s\u00e3o algumas das disciplinas que fazem parte do programa que ser\u00e1 exigido no processo de sele\u00e7\u00e3o.<\/p>\n<p>O mestrado profissional em Biotecnologia oferece oito vagas. O curso formar\u00e1 profissionais com uma vis\u00e3o integrada das aplica\u00e7\u00f5es da biotecnologia que sejam capazes de acompanhar a evolu\u00e7\u00e3o do mercado nesta \u00e1rea. A estrutura curricular envolve \u2013 entre outras disciplinas \u2013 bioqu\u00edmica, biologia celular e biologia molecular.<\/p>\n<p>Os candidatos ser\u00e3o submetidos a uma prova dissertativa (de car\u00e1ter eliminat\u00f3rio) e ter\u00e3o o curr\u00edculo e o projeto de pesquisa analisados. Estar\u00e3o aprovados os que obtiverem nota final igual ou superior a cinco e que primeiro completarem o n\u00famero de vagas dispon\u00edveis.<\/p>\n<p>Ser\u00e3o oferecidas ainda 23 vagas para o curso de mestrado profissional em Hemoterapia. O processo de sele\u00e7\u00e3o seguir\u00e1 os mesmos moldes dos cursos j\u00e1 citados e a estrutura curricular compreende assuntos relacionados a c\u00e9lulas-tronco, hemoglobinopatias e medicina transfusional. As inscri\u00e7\u00f5es estar\u00e3o abertas a partir de 25 de novembro e seguem at\u00e9 16 de dezembro.<\/p>\n<p>A rela\u00e7\u00e3o de documentos necess\u00e1rios para inscri\u00e7\u00e3o e demais informa\u00e7\u00f5es podem ser acessadas em<a href=\"http:\/\/www.hemocentro.fmrp.usp.br\/projeto\/ceduc.htm\" target=\"_blank\">www.hemocentro.fmrp.usp.br\/projeto\/ceduc.htm<\/a><\/p>\n","protected":false},"excerpt":{"rendered":"<p>Ag\u00eancia FAPESP\u00a0\u2013 A Faculdade de Medicina de Ribeir\u00e3o Preto da Universidade de S\u00e3o Paulo (FMRP\/USP) est\u00e1 com inscri\u00e7\u00f5es abertas, at\u00e9 22 de novembro, para os cursos de mestrado e doutorado em Oncologia cl\u00ednica, c\u00e9lulas-tronco e terapia celular e mestrado profissional em Biotecnologia. O programa de p\u00f3s-gradua\u00e7\u00e3o em Oncologia cl\u00ednica, c\u00e9lulas-tronco e terapia celular oferece cinco [&hellip;]<\/p>\n","protected":false},"author":2,"featured_media":28951,"comment_status":"open","ping_status":"closed","sticky":false,"template":"","format":"standard","meta":{"_genesis_hide_title":false,"_genesis_hide_breadcrumbs":false,"_genesis_hide_singular_image":false,"_genesis_hide_footer_widgets":false,"_genesis_custom_body_class":"","_genesis_custom_post_class":"","_genesis_layout":"","_jetpack_memberships_contains_paid_content":false,"footnotes":""},"categories":[22,351,370],"tags":[],"class_list":{"0":"post-49948","1":"post","2":"type-post","3":"status-publish","4":"format-standard","5":"has-post-thumbnail","7":"category-brasil","8":"category-cursos","9":"category-inscricao","10":"entry","11":"gs-1","12":"gs-odd","13":"gs-even","14":"gs-featured-content-entry"},"jetpack_featured_media_url":"https:\/\/www.redenoticia.com.br\/noticia\/imagens\/concurso-inscricao-vagas-ate.jpg","jetpack_sharing_enabled":true,"jetpack_likes_enabled":true,"_links":{"self":[{"href":"https:\/\/www.redenoticia.com.br\/noticia\/wp-json\/wp\/v2\/posts\/49948","targetHints":{"allow":["GET"]}}],"collection":[{"href":"https:\/\/www.redenoticia.com.br\/noticia\/wp-json\/wp\/v2\/posts"}],"about":[{"href":"https:\/\/www.redenoticia.com.br\/noticia\/wp-json\/wp\/v2\/types\/post"}],"author":[{"embeddable":true,"href":"https:\/\/www.redenoticia.com.br\/noticia\/wp-json\/wp\/v2\/users\/2"}],"replies":[{"embeddable":true,"href":"https:\/\/www.redenoticia.com.br\/noticia\/wp-json\/wp\/v2\/comments?post=49948"}],"version-history":[{"count":0,"href":"https:\/\/www.redenoticia.com.br\/noticia\/wp-json\/wp\/v2\/posts\/49948\/revisions"}],"wp:featuredmedia":[{"embeddable":true,"href":"https:\/\/www.redenoticia.com.br\/noticia\/wp-json\/wp\/v2\/media\/28951"}],"wp:attachment":[{"href":"https:\/\/www.redenoticia.com.br\/noticia\/wp-json\/wp\/v2\/media?parent=49948"}],"wp:term":[{"taxonomy":"category","embeddable":true,"href":"https:\/\/www.redenoticia.com.br\/noticia\/wp-json\/wp\/v2\/categories?post=49948"},{"taxonomy":"post_tag","embeddable":true,"href":"https:\/\/www.redenoticia.com.br\/noticia\/wp-json\/wp\/v2\/tags?post=49948"}],"curies":[{"name":"wp","href":"https:\/\/api.w.org\/{rel}","templated":true}]}}