{"id":4803,"date":"2009-07-07T10:39:05","date_gmt":"2009-07-07T14:39:05","guid":{"rendered":"http:\/\/www.redenoticia.com.br\/noticia\/?p=4803"},"modified":"2009-07-27T02:10:43","modified_gmt":"2009-07-27T02:10:43","slug":"clima-tempo-preve-ar-seco-e-poluicao-ate-o-feriado-em-sao-paulo","status":"publish","type":"post","link":"https:\/\/www.redenoticia.com.br\/noticia\/2009\/clima-tempo-preve-ar-seco-e-poluicao-ate-o-feriado-em-sao-paulo\/4803","title":{"rendered":"Clima tempo prev\u00ea ar seco e polui\u00e7\u00e3o at\u00e9 o feriado em S\u00e3o Paulo"},"content":{"rendered":"<p>Um nevoeiro se dissipou sobre a grande S\u00e3o Paulo e o sol j\u00e1 parece em toda a capital paulista. De acordo com os meteorologistas da Climatempo, n\u00e3o h\u00e1 previs\u00e3o de chuva, devido ao predom\u00ednio de uma massa de ar seco. A temperatura sobe e a m\u00e1xima prevista para a capital \u00e9 de 24\u00baC. A baixa qualidade do ar fica comprometida mais uma vez. A umidade relativa do ar fica em torno de 20 e 30%, considerado n\u00edvel de aten\u00e7\u00e3o.<\/p>\n<p>A recomenda\u00e7\u00e3o \u00e9 para que a popula\u00e7\u00e3o evite exposi\u00e7\u00e3o ao sol e atividades ao ar livre principalmente das 14 \u00e0s 16 horas, per\u00edodo em que a umidade do ar fica mais baixa. \u00c9 necess\u00e1ria tamb\u00e9m a ingest\u00e3o de bastante l\u00edquido para evitar a desidrata\u00e7\u00e3o.<\/p>\n<p>Amanh\u00e3 toda grande S\u00e3o Paulo, o litoral, os vales do Para\u00edba e do Ribeira e a regi\u00e3o da Mantiqueira amanhecem com nevoeiro. Ao longo da manh\u00e3, o nevoeiro se dissipa, o sol aparece e o tempo fica firme. Novamente poder\u00e3o ser registrados baixos \u00edndices de umidade relativa do ar.<\/p>\n<p>Previs\u00e3o para o feriado: 9 de Julho<\/p>\n<p>Na quinta-feira \u00e9 feriado somente no Estado de S\u00e3o Paulo, dia em que se comemora a Revolu\u00e7\u00e3o Constitucionalista de 1932. Segundo os meteorologistas da Climatempo, na capital, o dia amanhece com sol e a tarde as nuvens aumentam devido \u00e0 chegada de uma frente fria. At\u00e9 a noite, h\u00e1 previs\u00e3o de pancadas de chuva. No oeste e sul do Estado, as pancadas de chuva acontecem pela manh\u00e3.<\/p>\n<p>Na sexta-feira, as condi\u00e7\u00f5es de chuva se mant\u00eam principalmente \u00e0 tarde e \u00e0 noite na capital e no litoral. No fim de semana, o tempo muda de vez. No s\u00e1bado o dia amanhece com c\u00e9u nublado e chuva. A temperatura come\u00e7a a cair. O maior risco de chuva forte ser\u00e1 na noite de quinta-feira e de sexta-feira em S\u00e3o Paulo e durante todo o dia de s\u00e1bado.<\/p>\n<p>Sobre o Grupo Climatempo<\/p>\n<p>O Grupo Climatempo \u00e9 a maior empresa privada de meteorologia do pa\u00eds. Uma holding formada pela Climatempo Consultoria, Ag\u00eancia Climatempo, a TV Climatempo e a CLIMANET (Internet, servi\u00e7os de tecnologia e inform\u00e1tica). Atualmente, o Grupo Climatempo fornece conte\u00fado para os principais portais do pa\u00eds, mais de 50 retransmissoras de televis\u00e3o do Brasil e tem cerca de mil clientes. Os dois principais segmentos atendidos s\u00e3o o de agroneg\u00f3cios e meios de comunica\u00e7\u00e3o. Al\u00e9m destes, fornece conte\u00fado meteorol\u00f3gico estrat\u00e9gico para produtoras, a ind\u00fastria eletroeletr\u00f4nica e t\u00eaxtil, com\u00e9rcio, moda e turismo, entre outros setores.<\/p>\n","protected":false},"excerpt":{"rendered":"<p>Um nevoeiro se dissipou sobre a grande S\u00e3o Paulo e o sol j\u00e1 parece em toda a capital paulista. De acordo com os meteorologistas da Climatempo, n\u00e3o h\u00e1 previs\u00e3o de chuva, devido ao predom\u00ednio de uma massa de ar seco. A temperatura sobe e a m\u00e1xima prevista para a capital \u00e9 de 24\u00baC. A baixa [&hellip;]<\/p>\n","protected":false},"author":3,"featured_media":0,"comment_status":"open","ping_status":"open","sticky":false,"template":"","format":"standard","meta":{"_genesis_hide_title":false,"_genesis_hide_breadcrumbs":false,"_genesis_hide_singular_image":false,"_genesis_hide_footer_widgets":false,"_genesis_custom_body_class":"","_genesis_custom_post_class":"","_genesis_layout":"","_jetpack_memberships_contains_paid_content":false,"footnotes":""},"categories":[22,327],"tags":[],"class_list":{"0":"post-4803","1":"post","2":"type-post","3":"status-publish","4":"format-standard","6":"category-brasil","7":"category-clima","8":"entry","9":"gs-1","10":"gs-odd","11":"gs-even","12":"gs-featured-content-entry"},"jetpack_featured_media_url":"","jetpack_sharing_enabled":true,"jetpack_likes_enabled":true,"_links":{"self":[{"href":"https:\/\/www.redenoticia.com.br\/noticia\/wp-json\/wp\/v2\/posts\/4803","targetHints":{"allow":["GET"]}}],"collection":[{"href":"https:\/\/www.redenoticia.com.br\/noticia\/wp-json\/wp\/v2\/posts"}],"about":[{"href":"https:\/\/www.redenoticia.com.br\/noticia\/wp-json\/wp\/v2\/types\/post"}],"author":[{"embeddable":true,"href":"https:\/\/www.redenoticia.com.br\/noticia\/wp-json\/wp\/v2\/users\/3"}],"replies":[{"embeddable":true,"href":"https:\/\/www.redenoticia.com.br\/noticia\/wp-json\/wp\/v2\/comments?post=4803"}],"version-history":[{"count":0,"href":"https:\/\/www.redenoticia.com.br\/noticia\/wp-json\/wp\/v2\/posts\/4803\/revisions"}],"wp:attachment":[{"href":"https:\/\/www.redenoticia.com.br\/noticia\/wp-json\/wp\/v2\/media?parent=4803"}],"wp:term":[{"taxonomy":"category","embeddable":true,"href":"https:\/\/www.redenoticia.com.br\/noticia\/wp-json\/wp\/v2\/categories?post=4803"},{"taxonomy":"post_tag","embeddable":true,"href":"https:\/\/www.redenoticia.com.br\/noticia\/wp-json\/wp\/v2\/tags?post=4803"}],"curies":[{"name":"wp","href":"https:\/\/api.w.org\/{rel}","templated":true}]}}