{"id":47943,"date":"2013-09-06T00:42:02","date_gmt":"2013-09-06T03:42:02","guid":{"rendered":"http:\/\/www.redenoticia.com.br\/noticia\/?p=47943"},"modified":"2013-09-30T16:33:04","modified_gmt":"2013-09-30T19:33:04","slug":"a-fazenda-votacao-em-barbara-denise-e-marcos-movimenta-as-enquetes","status":"publish","type":"post","link":"https:\/\/www.redenoticia.com.br\/noticia\/2013\/a-fazenda-votacao-em-barbara-denise-e-marcos-movimenta-as-enquetes\/47943","title":{"rendered":"A Fazenda \u2013 vota\u00e7\u00e3o em B\u00e1rbara, Denise e Marcos movimentou as enquetes"},"content":{"rendered":"<p><em><strong><a href=\"https:\/\/www.redenoticia.com.br\/noticia\/imagens\/a-fazenda.jpg\"><img loading=\"lazy\" decoding=\"async\" class=\"alignleft size-medium wp-image-17419\" alt=\"a fazenda\" src=\"https:\/\/www.redenoticia.com.br\/noticia\/imagens\/a-fazenda-250x160.jpg\" width=\"250\" height=\"160\" srcset=\"https:\/\/www.redenoticia.com.br\/noticia\/imagens\/a-fazenda-250x160.jpg 250w, https:\/\/www.redenoticia.com.br\/noticia\/imagens\/a-fazenda-150x96.jpg 150w, https:\/\/www.redenoticia.com.br\/noticia\/imagens\/a-fazenda.jpg 300w\" sizes=\"auto, (max-width: 250px) 100vw, 250px\" \/><\/a>A Fazenda<\/strong>\u00a0<\/em>&#8211; B\u00e1rbara Evans levou o pr\u00eamio de R$ 2 milh\u00f5es. A segunda colocada foi Denise Rocha. Como pr\u00eamio ela ganhou um carro. Marcos ficou em 3\u00ba lugar na sexta temporada da Fazenda<\/p>\n<p>Na \u00faltima ro\u00e7a B\u00e1rbara Evans e Denise Rocha se salvaram da elimina\u00e7\u00e3o pelo voto do p\u00fablico. Elas ganharam o status de finalistas junto com Marcos Oliver, primeiro finalista definido desde o in\u00edcio do programa. Mateus recebeu apenas 26% dos votos v\u00e1lidos e foi eliminado. B\u00e1rbara, Denise e Marcos disputaram a prefer\u00eancia do p\u00fablico para ganharem o pr\u00eamio final de A Fazenda 2013. A disputa na\u00a0<em><strong>vota\u00e7\u00e3o<\/strong><\/em>\u00a0 da\u00a0<strong><em>enquete<\/em><\/strong>\u00a0 de diversos portais come\u00e7ou acirrada.<\/p>\n<p>Na\u00a0enquete UOL:<br \/>\n&#8211; 27\/09, 01h17, 52 % B\u00e1rbara, 46 % Denise, 2 % Marcos.<br \/>\n&#8211; 27\/09, 17h44, 55 % B\u00e1rbara, 40 % Denise, 5 % Marcos.<br \/>\n&#8211; 28\/09, 19h08, 56 % B\u00e1rbara, 39 % Denise, 5 % Marcos.<br \/>\n&#8211; 29\/09, 19h24, 57 % B\u00e1rbara, 38 % Denise, 5 % Marcos.<\/p>\n<p>O voto v\u00e1lido foi registrado no portal oficial do programa\u00a0A Fazenda Rede Record.<\/p>\n<p>O final desta edi\u00e7\u00e3o aconteceu na madrugada de segunda-feira, 30\/09.<\/p>\n<p>Rede Record A Fazenda<\/p>\n<p>A Fazenda \u00e9 a vers\u00e3o brasileira do programa The Farm, sucesso em mais de 40 pa\u00edses e que chega transformado numa superprodu\u00e7\u00e3o de mais de R$ 20 milh\u00f5es na tela da Record. O reality show mostra um lado desconhecido de 16 famosos \u2014 entre atores, cantores, modelos e personalidades da m\u00eddia \u2014 que ter\u00e3o sua habilidade (ou a absoluta falta dela) testada em tarefas t\u00edpicas do meio rural.<\/p>\n","protected":false},"excerpt":{"rendered":"<p>A Fazenda\u00a0&#8211; B\u00e1rbara Evans levou o pr\u00eamio de R$ 2 milh\u00f5es. A segunda colocada foi Denise Rocha. Como pr\u00eamio ela ganhou um carro. Marcos ficou em 3\u00ba lugar na sexta temporada da Fazenda Na \u00faltima ro\u00e7a B\u00e1rbara Evans e Denise Rocha se salvaram da elimina\u00e7\u00e3o pelo voto do p\u00fablico. Elas ganharam o status de finalistas [&hellip;]<\/p>\n","protected":false},"author":2,"featured_media":17419,"comment_status":"open","ping_status":"closed","sticky":false,"template":"","format":"standard","meta":{"_genesis_hide_title":false,"_genesis_hide_breadcrumbs":false,"_genesis_hide_singular_image":false,"_genesis_hide_footer_widgets":false,"_genesis_custom_body_class":"","_genesis_custom_post_class":"","_genesis_layout":"","_jetpack_memberships_contains_paid_content":false,"footnotes":""},"categories":[406,371,343],"tags":[],"class_list":{"0":"post-47943","1":"post","2":"type-post","3":"status-publish","4":"format-standard","5":"has-post-thumbnail","7":"category-a-fazenda","8":"category-rede-record","9":"category-televisao","10":"entry","11":"gs-1","12":"gs-odd","13":"gs-even","14":"gs-featured-content-entry"},"jetpack_featured_media_url":"https:\/\/www.redenoticia.com.br\/noticia\/imagens\/a-fazenda.jpg","jetpack_sharing_enabled":true,"jetpack_likes_enabled":true,"_links":{"self":[{"href":"https:\/\/www.redenoticia.com.br\/noticia\/wp-json\/wp\/v2\/posts\/47943","targetHints":{"allow":["GET"]}}],"collection":[{"href":"https:\/\/www.redenoticia.com.br\/noticia\/wp-json\/wp\/v2\/posts"}],"about":[{"href":"https:\/\/www.redenoticia.com.br\/noticia\/wp-json\/wp\/v2\/types\/post"}],"author":[{"embeddable":true,"href":"https:\/\/www.redenoticia.com.br\/noticia\/wp-json\/wp\/v2\/users\/2"}],"replies":[{"embeddable":true,"href":"https:\/\/www.redenoticia.com.br\/noticia\/wp-json\/wp\/v2\/comments?post=47943"}],"version-history":[{"count":0,"href":"https:\/\/www.redenoticia.com.br\/noticia\/wp-json\/wp\/v2\/posts\/47943\/revisions"}],"wp:featuredmedia":[{"embeddable":true,"href":"https:\/\/www.redenoticia.com.br\/noticia\/wp-json\/wp\/v2\/media\/17419"}],"wp:attachment":[{"href":"https:\/\/www.redenoticia.com.br\/noticia\/wp-json\/wp\/v2\/media?parent=47943"}],"wp:term":[{"taxonomy":"category","embeddable":true,"href":"https:\/\/www.redenoticia.com.br\/noticia\/wp-json\/wp\/v2\/categories?post=47943"},{"taxonomy":"post_tag","embeddable":true,"href":"https:\/\/www.redenoticia.com.br\/noticia\/wp-json\/wp\/v2\/tags?post=47943"}],"curies":[{"name":"wp","href":"https:\/\/api.w.org\/{rel}","templated":true}]}}