{"id":47548,"date":"2013-09-18T16:12:07","date_gmt":"2013-09-18T19:12:07","guid":{"rendered":"http:\/\/www.redenoticia.com.br\/noticia\/?p=47548"},"modified":"2013-09-18T16:12:07","modified_gmt":"2013-09-18T19:12:07","slug":"ipc-fica-em-016-na-segunda-previa-de-setembro","status":"publish","type":"post","link":"https:\/\/www.redenoticia.com.br\/noticia\/2013\/ipc-fica-em-016-na-segunda-previa-de-setembro\/47548","title":{"rendered":"IPC fica em 0,16% na segunda pr\u00e9via de setembro"},"content":{"rendered":"<p>S\u00e3o Paulo &#8211; O \u00cdndice de Pre\u00e7os ao Consumidor (<em><strong>IPC<\/strong><\/em>), medido pela Funda\u00e7\u00e3o Instituto de Pesquisas Econ\u00f4micas (Fipe) na cidade de S\u00e3o Paulo, ficou em 0,16% na segunda pr\u00e9via de setembro. Essa taxa \u00e9 0,05 ponto percentual menor do que o apurado na pesquisa anterior (0,21%). Dos sete grupos pesquisados, o de alimenta\u00e7\u00e3o foi o que mais influenciou na redu\u00e7\u00e3o do ritmo de infla\u00e7\u00e3o ao cair 0,49%. A queda anterior havia sido 0,16%.<\/p>\n<p>Al\u00e9m disso, os grupos que vinham apresentando as maiores taxas indicaram perda na velocidade de reajustes: despesas pessoais saiu de um aumento de 0,68% para 0,54% e sa\u00fade, de 0,64% para 0,51%. Nos demais grupos ocorreram avan\u00e7os em rela\u00e7\u00e3o \u00e0 primeira pr\u00e9via e entre eles o que causou maior impacto inflacion\u00e1rio foi o de habita\u00e7\u00e3o que passou de 0,38% para 0,43%.<\/p>\n<p>Em transportes, o \u00edndice teve alta de 0,02% ante uma varia\u00e7\u00e3o negativa de 0,01% e em educa\u00e7\u00e3o, o IPC ficou praticamente est\u00e1vel (0,10%) em rela\u00e7\u00e3o aos 0,09%, registrados anteriormente.<\/p>\n<p>Marli Moreira<br \/>\nRep\u00f3rter da Ag\u00eancia Brasil<br \/>\nEdi\u00e7\u00e3o: Talita Cavalcante<\/p>\n","protected":false},"excerpt":{"rendered":"<p>S\u00e3o Paulo &#8211; O \u00cdndice de Pre\u00e7os ao Consumidor (IPC), medido pela Funda\u00e7\u00e3o Instituto de Pesquisas Econ\u00f4micas (Fipe) na cidade de S\u00e3o Paulo, ficou em 0,16% na segunda pr\u00e9via de setembro. Essa taxa \u00e9 0,05 ponto percentual menor do que o apurado na pesquisa anterior (0,21%). Dos sete grupos pesquisados, o de alimenta\u00e7\u00e3o foi o [&hellip;]<\/p>\n","protected":false},"author":2,"featured_media":40517,"comment_status":"open","ping_status":"closed","sticky":false,"template":"","format":"standard","meta":{"_genesis_hide_title":false,"_genesis_hide_breadcrumbs":false,"_genesis_hide_singular_image":false,"_genesis_hide_footer_widgets":false,"_genesis_custom_body_class":"","_genesis_custom_post_class":"","_genesis_layout":"","_jetpack_memberships_contains_paid_content":false,"footnotes":""},"categories":[22,7],"tags":[],"class_list":{"0":"post-47548","1":"post","2":"type-post","3":"status-publish","4":"format-standard","5":"has-post-thumbnail","7":"category-brasil","8":"category-economia","9":"entry","10":"gs-1","11":"gs-odd","12":"gs-even","13":"gs-featured-content-entry"},"jetpack_featured_media_url":"https:\/\/www.redenoticia.com.br\/noticia\/imagens\/economia-previsao.jpg","jetpack_sharing_enabled":true,"jetpack_likes_enabled":true,"_links":{"self":[{"href":"https:\/\/www.redenoticia.com.br\/noticia\/wp-json\/wp\/v2\/posts\/47548","targetHints":{"allow":["GET"]}}],"collection":[{"href":"https:\/\/www.redenoticia.com.br\/noticia\/wp-json\/wp\/v2\/posts"}],"about":[{"href":"https:\/\/www.redenoticia.com.br\/noticia\/wp-json\/wp\/v2\/types\/post"}],"author":[{"embeddable":true,"href":"https:\/\/www.redenoticia.com.br\/noticia\/wp-json\/wp\/v2\/users\/2"}],"replies":[{"embeddable":true,"href":"https:\/\/www.redenoticia.com.br\/noticia\/wp-json\/wp\/v2\/comments?post=47548"}],"version-history":[{"count":0,"href":"https:\/\/www.redenoticia.com.br\/noticia\/wp-json\/wp\/v2\/posts\/47548\/revisions"}],"wp:featuredmedia":[{"embeddable":true,"href":"https:\/\/www.redenoticia.com.br\/noticia\/wp-json\/wp\/v2\/media\/40517"}],"wp:attachment":[{"href":"https:\/\/www.redenoticia.com.br\/noticia\/wp-json\/wp\/v2\/media?parent=47548"}],"wp:term":[{"taxonomy":"category","embeddable":true,"href":"https:\/\/www.redenoticia.com.br\/noticia\/wp-json\/wp\/v2\/categories?post=47548"},{"taxonomy":"post_tag","embeddable":true,"href":"https:\/\/www.redenoticia.com.br\/noticia\/wp-json\/wp\/v2\/tags?post=47548"}],"curies":[{"name":"wp","href":"https:\/\/api.w.org\/{rel}","templated":true}]}}