{"id":47518,"date":"2013-09-17T20:45:28","date_gmt":"2013-09-17T23:45:28","guid":{"rendered":"http:\/\/www.redenoticia.com.br\/noticia\/?p=47518"},"modified":"2013-09-17T20:45:28","modified_gmt":"2013-09-17T23:45:28","slug":"mudancas-no-clima-podem-tornar-obsoletas-as-unidades-de-conservacao-do-pais","status":"publish","type":"post","link":"https:\/\/www.redenoticia.com.br\/noticia\/2013\/mudancas-no-clima-podem-tornar-obsoletas-as-unidades-de-conservacao-do-pais\/47518","title":{"rendered":"Mudan\u00e7as no clima podem tornar obsoletas as unidades de conserva\u00e7\u00e3o do pa\u00eds"},"content":{"rendered":"<p>Por No\u00eamia Lopes Ag\u00eancia FAPESP\u00a0\u2013 Os efeitos do <em><strong>aquecimento global<\/strong><\/em> no Brasil provocar\u00e3o\u00a0deslocamentos de aves, mam\u00edferos, anf\u00edbios e outros animais em dire\u00e7\u00e3o a regi\u00f5es com temperatura e umidade mais compat\u00edveis \u00e0s suas necessidades, indicam estudos da Rede Brasileira de Pesquisa e Mudan\u00e7as Clim\u00e1ticas Globais (Rede Clima) em diferentes biomas.<\/p>\n<p>\u201cEm consequ\u00eancia dessa movimenta\u00e7\u00e3o, nosso atual sistema de unidades de conserva\u00e7\u00e3o pode ficar obsoleto ou n\u00e3o muito eficiente\u201d, afirmou Alexandre Aleixo, coordenador da sub-rede Biodiversidade e Ecossistemas da Rede Clima e pesquisador do Museu Paraense Emilio Goeldi (MPEG), durante a\u00a0<a href=\"http:\/\/www.fapesp.br\/conclima\/\" target=\"_blank\">1\u00aa Confer\u00eancia Nacional de Mudan\u00e7as Clim\u00e1ticas Globais<\/a>\u00a0(Conclima), ocorrida em S\u00e3o Paulo na semana passada.<\/p>\n<p>Um dos grupos vinculados \u00e0 sub-rede, formados por pesquisadores da Universidade Federal de Goi\u00e1s (UFG), debru\u00e7ou-se sobre a situa\u00e7\u00e3o de 431 esp\u00e9cies de anf\u00edbios que habitam a Mata Atl\u00e2ntica e fez proje\u00e7\u00f5es para o futuro (at\u00e9 2080) a partir de tr\u00eas modelos clim\u00e1ticos.<\/p>\n<p>Os resultados, publicados em\u00a0<a href=\"http:\/\/www.plosone.org\/article\/info%3Adoi%2F10.1371%2Fjournal.pone.0054323\" target=\"_blank\">artigo<\/a>\u00a0na revista\u00a0PLoS One, projetam uma redu\u00e7\u00e3o de 72% na \u00e1rea atual de distribui\u00e7\u00e3o desses anf\u00edbios e a extin\u00e7\u00e3o regional de 12% das esp\u00e9cies. \u201cNesse cen\u00e1rio, muitos dos animais ter\u00e3o de se dispersar para outros locais, uma vez que as condi\u00e7\u00f5es de temperatura e umidade j\u00e1 n\u00e3o lhes ser\u00e3o adequadas\u201d, explicou Aleixo.<\/p>\n<p>O artigo tamb\u00e9m\u00a0indica quais seriam os pontos priorit\u00e1rios do bioma em termos de inclus\u00e3o nos sistemas de conserva\u00e7\u00e3o, a fim de oferecer prote\u00e7\u00e3o \u00e0s esp\u00e9cies que forem for\u00e7adas a\u00a0se deslocar\u00a0por conta das mudan\u00e7as clim\u00e1ticas.<\/p>\n<p>Ainda sobre o bioma Mata Atl\u00e2ntica, uma segunda pesquisa apresentada por Aleixo \u2013 um estudo feito por pesquisadores da Universidade Federal do Rio de Janeiro (UFRJ), com base em an\u00e1lises estat\u00edsticas para 2050 \u2013 revela o impacto das altera\u00e7\u00f5es no clima sobre a riqueza de esp\u00e9cies de aves.<\/p>\n<p>Considerando apenas o aumento de temperatura, 117 esp\u00e9cies podem perder \u00e1rea de distribui\u00e7\u00e3o, seis\u00a0podem\u00a0entrar no grupo de\u00a0esp\u00e9cies\u00a0amea\u00e7adas\u00a0e uma esp\u00e9cie pode ser extinta. Considerando o aumento de temperatura e a ocorr\u00eancia de desmatamento, os n\u00fameros sobem para 120, 14 e dois, respectivamente.<\/p>\n<p>\u201cTamb\u00e9m deve ocorrer movimenta\u00e7\u00e3o entre as aves. Mas fica bastante claro que n\u00e3o\u00a0s\u00e3o somente\u00a0os deslocamentos\u00a0que preocupam \u2013 a possibilidade de mais esp\u00e9cies ficarem amea\u00e7adas requer aten\u00e7\u00e3o\u201d, afirmou Aleixo.<\/p>\n<p>De acordo com o pesquisador, a situa\u00e7\u00e3o \u00e9 semelhante para outros grupos de animais, em diferentes regi\u00f5es do pa\u00eds, como exemplifica um segundo estudo da UFG, que tamb\u00e9m resultou em\u00a0<a href=\"http:\/\/www.plosone.org\/article\/authors\/info%3Adoi%2F10.1371%2Fjournal.pone.0046257\" target=\"_blank\">artigo<\/a>\u00a0publicado na\u00a0PLoS One.<\/p>\n<p>Desenhando cen\u00e1rios sobre o impacto das mudan\u00e7as clim\u00e1ticas na distribui\u00e7\u00e3o das 55 esp\u00e9cies de marsupiais que ocorrem no Brasil, concluiu-se que em 2050 a maioria das esp\u00e9cies pode ter uma redu\u00e7\u00e3o significativa de habitats adequados.<\/p>\n<p>As taxas de movimenta\u00e7\u00e3o, nesse caso, tamb\u00e9m seriam relativamente altas, mas com varia\u00e7\u00f5es ao redor do pa\u00eds. Os locais com clima atrativo seriam alguns pontos da regi\u00e3o dos Pampas, a por\u00e7\u00e3o sul da Mata Atl\u00e2ntica, o norte do Cerrado e da Caatinga e o noroeste da Amaz\u00f4nia.<\/p>\n<p>J\u00e1 para o bioma Amaz\u00f4nia, diversos modelos clim\u00e1ticos preveem que o setor de menor umidade, pr\u00f3ximo a Tocantins, vai se tornar ainda mais seco.<\/p>\n<p>\u201cAs nossas previs\u00f5es para 2020 e 2050 tamb\u00e9m apontam para um impacto muito maior das mudan\u00e7as clim\u00e1ticas no sul da Amaz\u00f4nia do que ao norte da regi\u00e3o, em fun\u00e7\u00e3o de vari\u00e1veis ambientais e de altas taxas de desmatamento. Podemos ter um colapso do sistema florestal no sudeste da Amaz\u00f4nia, com imensos preju\u00edzos para a biodiversidade\u201d, disse Aleixo.<\/p>\n<p>Esses e outros resultados da sub-rede Biodiversidade e Ecossistemas contribuem para responder uma das quest\u00f5es norteadoras do grupo: historicamente, ao longo da evolu\u00e7\u00e3o das esp\u00e9cies, outras modifica\u00e7\u00f5es clim\u00e1ticas teriam contribu\u00eddo para a aquisi\u00e7\u00e3o de uma resili\u00eancia natural por parte de alguns animais?<\/p>\n<p>\u201cPor enquanto, n\u00e3o temos ind\u00edcios disso\u201d, afirmou Aleixo. \u201cAs evid\u00eancias mostram que a fauna sofre com as grandes modifica\u00e7\u00f5es \u2013 no caso amaz\u00f4nico, particularmente com os processos de secamento da floresta.\u201d<\/p>\n","protected":false},"excerpt":{"rendered":"<p>Por No\u00eamia Lopes Ag\u00eancia FAPESP\u00a0\u2013 Os efeitos do aquecimento global no Brasil provocar\u00e3o\u00a0deslocamentos de aves, mam\u00edferos, anf\u00edbios e outros animais em dire\u00e7\u00e3o a regi\u00f5es com temperatura e umidade mais compat\u00edveis \u00e0s suas necessidades, indicam estudos da Rede Brasileira de Pesquisa e Mudan\u00e7as Clim\u00e1ticas Globais (Rede Clima) em diferentes biomas. \u201cEm consequ\u00eancia dessa movimenta\u00e7\u00e3o, nosso atual [&hellip;]<\/p>\n","protected":false},"author":2,"featured_media":28409,"comment_status":"open","ping_status":"closed","sticky":false,"template":"","format":"standard","meta":{"_genesis_hide_title":false,"_genesis_hide_breadcrumbs":false,"_genesis_hide_singular_image":false,"_genesis_hide_footer_widgets":false,"_genesis_custom_body_class":"","_genesis_custom_post_class":"","_genesis_layout":"","_jetpack_memberships_contains_paid_content":false,"footnotes":""},"categories":[22],"tags":[],"class_list":{"0":"post-47518","1":"post","2":"type-post","3":"status-publish","4":"format-standard","5":"has-post-thumbnail","7":"category-brasil","8":"entry","9":"gs-1","10":"gs-odd","11":"gs-even","12":"gs-featured-content-entry"},"jetpack_featured_media_url":"https:\/\/www.redenoticia.com.br\/noticia\/imagens\/previsao-do-tempo-e-temperatura.jpg","jetpack_sharing_enabled":true,"jetpack_likes_enabled":true,"_links":{"self":[{"href":"https:\/\/www.redenoticia.com.br\/noticia\/wp-json\/wp\/v2\/posts\/47518","targetHints":{"allow":["GET"]}}],"collection":[{"href":"https:\/\/www.redenoticia.com.br\/noticia\/wp-json\/wp\/v2\/posts"}],"about":[{"href":"https:\/\/www.redenoticia.com.br\/noticia\/wp-json\/wp\/v2\/types\/post"}],"author":[{"embeddable":true,"href":"https:\/\/www.redenoticia.com.br\/noticia\/wp-json\/wp\/v2\/users\/2"}],"replies":[{"embeddable":true,"href":"https:\/\/www.redenoticia.com.br\/noticia\/wp-json\/wp\/v2\/comments?post=47518"}],"version-history":[{"count":0,"href":"https:\/\/www.redenoticia.com.br\/noticia\/wp-json\/wp\/v2\/posts\/47518\/revisions"}],"wp:featuredmedia":[{"embeddable":true,"href":"https:\/\/www.redenoticia.com.br\/noticia\/wp-json\/wp\/v2\/media\/28409"}],"wp:attachment":[{"href":"https:\/\/www.redenoticia.com.br\/noticia\/wp-json\/wp\/v2\/media?parent=47518"}],"wp:term":[{"taxonomy":"category","embeddable":true,"href":"https:\/\/www.redenoticia.com.br\/noticia\/wp-json\/wp\/v2\/categories?post=47518"},{"taxonomy":"post_tag","embeddable":true,"href":"https:\/\/www.redenoticia.com.br\/noticia\/wp-json\/wp\/v2\/tags?post=47518"}],"curies":[{"name":"wp","href":"https:\/\/api.w.org\/{rel}","templated":true}]}}