{"id":47446,"date":"2013-09-16T16:19:56","date_gmt":"2013-09-16T19:19:56","guid":{"rendered":"http:\/\/www.redenoticia.com.br\/noticia\/?p=47446"},"modified":"2013-09-16T16:19:56","modified_gmt":"2013-09-16T19:19:56","slug":"igp-10-registra-inflacao-de-105-em-setembro","status":"publish","type":"post","link":"https:\/\/www.redenoticia.com.br\/noticia\/2013\/igp-10-registra-inflacao-de-105-em-setembro\/47446","title":{"rendered":"IGP-10 registra infla\u00e7\u00e3o de 1,05% em setembro"},"content":{"rendered":"<p>Rio de Janeiro &#8211; O \u00cdndice Geral de Pre\u00e7os ao Consumidor-10 (<em><strong>IGP-10<\/strong><\/em>) teve varia\u00e7\u00e3o de 1,05% em setembro, divulgou hoje (16) o Instituto Brasileiro de Economia da Funda\u00e7\u00e3o Getulio Vargas (FGV). Em 2013, o \u00edndice acumula alta de 3,33%, e a soma chega a 4,13% nos \u00faltimos doze meses.<\/p>\n<p>Entre os tr\u00eas \u00edndices que comp\u00f5em o IGP-10, o \u00cdndice de Pre\u00e7os ao Produtor Amplo (IPA) foi o que teve a maior varia\u00e7\u00e3o, de 1,46%, mais de um ponto percentual acima do 0,19% de agosto. Apenas o grupo bens finais apresentou recuo, de 0,02%. Para os bens intermedi\u00e1rios, foi registrada varia\u00e7\u00e3o de 1,87%, enquanto para as mat\u00e9rias-primas brutas, de 2,74%.<\/p>\n<p>O \u00cdndice de Pre\u00e7os ao Consumidor (IPC), outro componente do IGP-10, tamb\u00e9m teve alta, de 0,22%, com destaque para o grupo alimenta\u00e7\u00e3o, que saiu de um resultado de -0,3% em agosto para 0,21% em setembro, puxada pelas hortali\u00e7as e legumes.<\/p>\n<p>J\u00e1 o \u00cdndice Nacional de Custos da Constru\u00e7\u00e3o (INCC) registrou varia\u00e7\u00e3o de 0,34%, recuando 0,1 ponto percentual em compara\u00e7\u00e3o com agosto. O \u00edndice que representa o custo da m\u00e3o de obra n\u00e3o variou, enquanto o referente a materiais, equipamentos e servi\u00e7os teve alta de 0,71%.<\/p>\n<p>Em 2013, o INCC \u00e9 o que acumula maior alta, de 6,87%, seguido pelo IPC (3,79%) e o IPA (2,65%). A ordem se repete quando analisados os \u00faltimos 12 meses, com varia\u00e7\u00e3o acumulada de 7,74% para o INCC, de 5,44% para o IPC e de 3,15% para o IPA.<\/p>\n<p>Vin\u00edcius Lisboa<br \/>\nRep\u00f3rter da Ag\u00eancia Brasil<br \/>\nEdi\u00e7\u00e3o: Talita Cavalcante<\/p>\n","protected":false},"excerpt":{"rendered":"<p>Rio de Janeiro &#8211; O \u00cdndice Geral de Pre\u00e7os ao Consumidor-10 (IGP-10) teve varia\u00e7\u00e3o de 1,05% em setembro, divulgou hoje (16) o Instituto Brasileiro de Economia da Funda\u00e7\u00e3o Getulio Vargas (FGV). Em 2013, o \u00edndice acumula alta de 3,33%, e a soma chega a 4,13% nos \u00faltimos doze meses. Entre os tr\u00eas \u00edndices que comp\u00f5em [&hellip;]<\/p>\n","protected":false},"author":2,"featured_media":38940,"comment_status":"open","ping_status":"closed","sticky":false,"template":"","format":"standard","meta":{"_genesis_hide_title":false,"_genesis_hide_breadcrumbs":false,"_genesis_hide_singular_image":false,"_genesis_hide_footer_widgets":false,"_genesis_custom_body_class":"","_genesis_custom_post_class":"","_genesis_layout":"","_jetpack_memberships_contains_paid_content":false,"footnotes":""},"categories":[22,7],"tags":[],"class_list":{"0":"post-47446","1":"post","2":"type-post","3":"status-publish","4":"format-standard","5":"has-post-thumbnail","7":"category-brasil","8":"category-economia","9":"entry","10":"gs-1","11":"gs-odd","12":"gs-even","13":"gs-featured-content-entry"},"jetpack_featured_media_url":"https:\/\/www.redenoticia.com.br\/noticia\/imagens\/grafico.jpg","jetpack_sharing_enabled":true,"jetpack_likes_enabled":true,"_links":{"self":[{"href":"https:\/\/www.redenoticia.com.br\/noticia\/wp-json\/wp\/v2\/posts\/47446","targetHints":{"allow":["GET"]}}],"collection":[{"href":"https:\/\/www.redenoticia.com.br\/noticia\/wp-json\/wp\/v2\/posts"}],"about":[{"href":"https:\/\/www.redenoticia.com.br\/noticia\/wp-json\/wp\/v2\/types\/post"}],"author":[{"embeddable":true,"href":"https:\/\/www.redenoticia.com.br\/noticia\/wp-json\/wp\/v2\/users\/2"}],"replies":[{"embeddable":true,"href":"https:\/\/www.redenoticia.com.br\/noticia\/wp-json\/wp\/v2\/comments?post=47446"}],"version-history":[{"count":0,"href":"https:\/\/www.redenoticia.com.br\/noticia\/wp-json\/wp\/v2\/posts\/47446\/revisions"}],"wp:featuredmedia":[{"embeddable":true,"href":"https:\/\/www.redenoticia.com.br\/noticia\/wp-json\/wp\/v2\/media\/38940"}],"wp:attachment":[{"href":"https:\/\/www.redenoticia.com.br\/noticia\/wp-json\/wp\/v2\/media?parent=47446"}],"wp:term":[{"taxonomy":"category","embeddable":true,"href":"https:\/\/www.redenoticia.com.br\/noticia\/wp-json\/wp\/v2\/categories?post=47446"},{"taxonomy":"post_tag","embeddable":true,"href":"https:\/\/www.redenoticia.com.br\/noticia\/wp-json\/wp\/v2\/tags?post=47446"}],"curies":[{"name":"wp","href":"https:\/\/api.w.org\/{rel}","templated":true}]}}