{"id":47225,"date":"2013-09-11T13:37:25","date_gmt":"2013-09-11T16:37:25","guid":{"rendered":"http:\/\/www.redenoticia.com.br\/noticia\/?p=47225"},"modified":"2013-09-11T13:37:25","modified_gmt":"2013-09-11T16:37:25","slug":"mudancas-climaticas-devem-reduzir-areas-de-cultivo-no-brasil","status":"publish","type":"post","link":"https:\/\/www.redenoticia.com.br\/noticia\/2013\/mudancas-climaticas-devem-reduzir-areas-de-cultivo-no-brasil\/47225","title":{"rendered":"Mudan\u00e7as clim\u00e1ticas devem reduzir \u00e1reas de cultivo no Brasil"},"content":{"rendered":"<p>Por No\u00eamia Lopes Ag\u00eancia FAPESP\u00a0\u2013 O aumento das temperaturas e as mudan\u00e7as no regime de chuvas previstos para ocorrer nas v\u00e1rias regi\u00f5es do Brasil em decorr\u00eancia do <em><strong>aquecimento global<\/strong> <\/em>poder\u00e3o afetar bastante a agricultura do pa\u00eds. Culturas como feij\u00e3o, soja, trigo e milho ser\u00e3o especialmente impactadas, apontam estudos da Rede Brasileira de Pesquisa e Mudan\u00e7as Clim\u00e1ticas Globais (Rede Clima).<\/p>\n<p>A partir do cruzamento de modelos do\u00a0<a href=\"http:\/\/www.ipcc.ch\/index.htm\" target=\"_blank\">Painel Intergovernamental de Mudan\u00e7as Clim\u00e1ticas<\/a>\u00a0(IPCC) e de modelos regionais brasileiros, pesquisadores da\u00a0<a href=\"http:\/\/redeclima.ccst.inpe.br\/\" target=\"_blank\">Rede Clima<\/a>\u00a0analisam o impacto das mudan\u00e7as clim\u00e1ticas sobre as \u00e1reas de cultivo nacionais.<\/p>\n<p>Tomando como base os hectares cultivados em 2009 e se mantidas as atuais condi\u00e7\u00f5es de produ\u00e7\u00e3o, as proje\u00e7\u00f5es para 2030 apontam grandes redu\u00e7\u00f5es de \u00e1rea, tanto nos progn\u00f3sticos pessimistas como nos cen\u00e1rios mais otimistas. Para o feij\u00e3o, a queda vai de 54,5% a 69,7%. Para a soja, a redu\u00e7\u00e3o \u00e9 estimada de 15% a 28%. Trigo, de 20% a 31,2%. Milho, de 7% a 22%. Arroz, de 9,1% a 9,9%. E algod\u00e3o, de 4,6% a 4,9%.<\/p>\n<p>As diferentes variedades do feij\u00e3o necessitam de condi\u00e7\u00f5es clim\u00e1ticas particulares. Com isso, o cultivo, feito em at\u00e9 quatro safras por ano, \u00e9 mais suscet\u00edvel \u00e0s varia\u00e7\u00f5es de temperatura e precipita\u00e7\u00e3o. Contornar tal redu\u00e7\u00e3o depender\u00e1, portanto, de modifica\u00e7\u00f5es em termos de produ\u00e7\u00e3o e do investimento em variedades capazes de se adaptar \u00e0s novas condi\u00e7\u00f5es de cada local.<\/p>\n<p>Os n\u00fameros foram apresentados na ter\u00e7a-feira (10\/09), durante a 1\u00aa Confer\u00eancia Nacional de Mudan\u00e7as Clim\u00e1ticas Globais (Conclima). Organizado pela FAPESP e promovido com a Rede Clima e o Instituto Nacional de Ci\u00eancia e Tecnologia para Mudan\u00e7as Clim\u00e1ticas (INCT-MC), o\u00a0<a href=\"http:\/\/agencia.fapesp.br\/17816\" target=\"_blank\">evento<\/a>\u00a0ocorre at\u00e9 a pr\u00f3xima sexta-feira (13\/09), no Espa\u00e7o Apas, em S\u00e3o Paulo.<\/p>\n<p>\u201cNossos esfor\u00e7os v\u00e3o no sentido de produzir aplica\u00e7\u00f5es a partir de uma pesquisa base. Ou seja, buscar solu\u00e7\u00f5es para adapta\u00e7\u00e3o e mitiga\u00e7\u00e3o dos efeitos do aquecimento global na agricultura. Com o estudo sobre \u00e1reas cultivadas, temos agora uma lista de munic\u00edpios com maior e menor risco de serem afetados por mudan\u00e7as clim\u00e1ticas, um importante instrumento para pesquisa e tomadas de decis\u00e3o\u201d, afirmou Hilton Silveira Pinto, coordenador da sub-rede Agricultura e pesquisador da Universidade Estadual de Campinas (Unicamp), no segundo dia do Conclima.<\/p>\n<p>De acordo com Silveira Pinto, os trabalhos do grupo em geral s\u00e3o encaminhados diretamente \u00e0s inst\u00e2ncias governamentais, em especial por meio da Embrapa Inform\u00e1tica Agropecu\u00e1ria (Embrapa\/CNPTIA), institui\u00e7\u00e3o coordenadora da sub-rede Agricultura.<\/p>\n<p>Outra frente de atua\u00e7\u00e3o da equipe \u00e9 a Simula\u00e7\u00e3o de Cen\u00e1rios Agr\u00edcolas Futuros (SCenAgri), que tra\u00e7a progn\u00f3sticos para as pr\u00f3ximas d\u00e9cadas considerando o aumento de temperatura, o regime de chuvas e a demanda clim\u00e1tica de cada cultura.<\/p>\n<p>\u201cO caf\u00e9, por exemplo, precisa de 18 \u00baC a 22 \u00baC de m\u00e9dia anual. Fora dessa janela, a cultura n\u00e3o se desenvolve. Passamos essas informa\u00e7\u00f5es para o computador e simulamos diferentes cen\u00e1rios\u201d, disse Silveira Pinto.<\/p>\n<p>O SCenAgri conta hoje com campos de plantio de 19 culturas, 3.313 esta\u00e7\u00f5es de chuva com dados di\u00e1rios, 23 modelos globais e tr\u00eas modelos regionais de proje\u00e7\u00f5es clim\u00e1ticas<\/p>\n<p>Tamb\u00e9m h\u00e1 estudos com inje\u00e7\u00e3o de carbono na atmosfera, para verificar a resposta de planta\u00e7\u00f5es em uma superf\u00edcie controlada, e treinamentos com modelos agrometeorol\u00f3gicos para pesquisas em produtividade nas condi\u00e7\u00f5es atuais e futuras.<\/p>\n<p>As apresenta\u00e7\u00f5es realizadas durante a 1\u00aa Confer\u00eancia Nacional de Mudan\u00e7as Clim\u00e1ticas Globais e mais informa\u00e7\u00f5es sobre o evento est\u00e3o dispon\u00edveis em:\u00a0<a href=\"http:\/\/www.fapesp.br\/conclima\" target=\"_blank\">www.fapesp.br\/conclima<\/a>.<\/p>\n","protected":false},"excerpt":{"rendered":"<p>Por No\u00eamia Lopes Ag\u00eancia FAPESP\u00a0\u2013 O aumento das temperaturas e as mudan\u00e7as no regime de chuvas previstos para ocorrer nas v\u00e1rias regi\u00f5es do Brasil em decorr\u00eancia do aquecimento global poder\u00e3o afetar bastante a agricultura do pa\u00eds. Culturas como feij\u00e3o, soja, trigo e milho ser\u00e3o especialmente impactadas, apontam estudos da Rede Brasileira de Pesquisa e Mudan\u00e7as [&hellip;]<\/p>\n","protected":false},"author":2,"featured_media":40787,"comment_status":"open","ping_status":"closed","sticky":false,"template":"","format":"standard","meta":{"_genesis_hide_title":false,"_genesis_hide_breadcrumbs":false,"_genesis_hide_singular_image":false,"_genesis_hide_footer_widgets":false,"_genesis_custom_body_class":"","_genesis_custom_post_class":"","_genesis_layout":"","_jetpack_memberships_contains_paid_content":false,"footnotes":""},"categories":[22,7],"tags":[],"class_list":{"0":"post-47225","1":"post","2":"type-post","3":"status-publish","4":"format-standard","5":"has-post-thumbnail","7":"category-brasil","8":"category-economia","9":"entry","10":"gs-1","11":"gs-odd","12":"gs-even","13":"gs-featured-content-entry"},"jetpack_featured_media_url":"https:\/\/www.redenoticia.com.br\/noticia\/imagens\/Brasil-incra1.jpg","jetpack_sharing_enabled":true,"jetpack_likes_enabled":true,"_links":{"self":[{"href":"https:\/\/www.redenoticia.com.br\/noticia\/wp-json\/wp\/v2\/posts\/47225","targetHints":{"allow":["GET"]}}],"collection":[{"href":"https:\/\/www.redenoticia.com.br\/noticia\/wp-json\/wp\/v2\/posts"}],"about":[{"href":"https:\/\/www.redenoticia.com.br\/noticia\/wp-json\/wp\/v2\/types\/post"}],"author":[{"embeddable":true,"href":"https:\/\/www.redenoticia.com.br\/noticia\/wp-json\/wp\/v2\/users\/2"}],"replies":[{"embeddable":true,"href":"https:\/\/www.redenoticia.com.br\/noticia\/wp-json\/wp\/v2\/comments?post=47225"}],"version-history":[{"count":0,"href":"https:\/\/www.redenoticia.com.br\/noticia\/wp-json\/wp\/v2\/posts\/47225\/revisions"}],"wp:featuredmedia":[{"embeddable":true,"href":"https:\/\/www.redenoticia.com.br\/noticia\/wp-json\/wp\/v2\/media\/40787"}],"wp:attachment":[{"href":"https:\/\/www.redenoticia.com.br\/noticia\/wp-json\/wp\/v2\/media?parent=47225"}],"wp:term":[{"taxonomy":"category","embeddable":true,"href":"https:\/\/www.redenoticia.com.br\/noticia\/wp-json\/wp\/v2\/categories?post=47225"},{"taxonomy":"post_tag","embeddable":true,"href":"https:\/\/www.redenoticia.com.br\/noticia\/wp-json\/wp\/v2\/tags?post=47225"}],"curies":[{"name":"wp","href":"https:\/\/api.w.org\/{rel}","templated":true}]}}