{"id":47223,"date":"2013-09-11T13:35:25","date_gmt":"2013-09-11T16:35:25","guid":{"rendered":"http:\/\/www.redenoticia.com.br\/noticia\/?p=47223"},"modified":"2013-09-11T13:35:25","modified_gmt":"2013-09-11T16:35:25","slug":"queda-de-preco-dos-alimentos-ajuda-a-estabilizar-a-inflacao-em-sao-paulo","status":"publish","type":"post","link":"https:\/\/www.redenoticia.com.br\/noticia\/2013\/queda-de-preco-dos-alimentos-ajuda-a-estabilizar-a-inflacao-em-sao-paulo\/47223","title":{"rendered":"Queda de pre\u00e7o dos alimentos ajuda a estabilizar a infla\u00e7\u00e3o em S\u00e3o Paulo"},"content":{"rendered":"<p>S\u00e3o paulo &#8211; O \u00cdndice de Pre\u00e7os ao Consumidor (<em><strong>IPC<\/strong><\/em>), medido pela Funda\u00e7\u00e3o Instituto de Pesquisas Econ\u00f4micas (Fipe) na cidade de S\u00e3o Paulo, iniciou setembro com varia\u00e7\u00e3o de 0,21% ante 0,22%, no fechamento de agosto. Tr\u00eas dos sete grupos pesquisados apresentaram redu\u00e7\u00e3o na velocidade de alta, mas o que mais contribuiu para esse resultado foi o de alimenta\u00e7\u00e3o que passou de -0,02% para -0,16%.<\/p>\n<p>Em outros dois grupos ocorreram queda, por\u00e9m, com menos intensidade do que na apura\u00e7\u00e3o passada. Em transportes, a taxa foi negativa em 0,01% ante -0,11% e, no grupo vestu\u00e1rio, foi constatada diminui\u00e7\u00e3o de 0,08% ante -0,60%.<\/p>\n<p>No grupo habita\u00e7\u00e3o, o IPC saiu de uma alta de 0,44% para 0,38%; em despesas pessoais de 0,63% para 0,68% e em sa\u00fade de 0,83% para 0,64%. J\u00e1 em educa\u00e7\u00e3o, o \u00edndice ficou est\u00e1vel em 0,09%.<\/p>\n<p>Marli Moreira<br \/>\nRep\u00f3rter da Ag\u00eancia Brasil<br \/>\nEdi\u00e7\u00e3o: Talita Cavalcante<\/p>\n<p>&#8212;<\/p>\n<p>Primeira pr\u00e9via de setembro do IGP-M registra infla\u00e7\u00e3o de 1,02%<\/p>\n<p>Rio de Janeiro &#8211; O \u00cdndice Geral de Pre\u00e7os-Mercado (IGP-M) registrou infla\u00e7\u00e3o de 1,02% na primeira pr\u00e9via de setembro, taxa superior ao 0,13% da primeira pr\u00e9via de agosto. O \u00edndice, medido pela Funda\u00e7\u00e3o Getulio Vargas (FGV) e usado no reajuste de contratos de aluguel, acumula taxas de 3,2% no ano e 3,9% em 12 meses.<\/p>\n<p>A alta foi puxada pelo pre\u00e7o no atacado, medido pelo \u00cdndice de Pre\u00e7os ao Produtor Amplo (IPA), e no varejo, calculado pelo \u00cdndice de Pre\u00e7os ao Consumidor (IPC). A taxa no atacado passou de 0,15% em agosto para 1,42% em setembro. O IPC, que havia registrado defla\u00e7\u00e3o (queda de pre\u00e7os) de 0,04% em agosto, teve infla\u00e7\u00e3o de 0,2% em setembro.<\/p>\n<p>O terceiro sub\u00edndice que comp\u00f5e o IGP-M, o \u00cdndice Nacional de Custo da Constru\u00e7\u00e3o (INCC), registrou, na pr\u00e9via de setembro, a mesma taxa da pr\u00e9via de agosto: 0,33%. A primeira pr\u00e9via do IGP-M foi calculada com base em pre\u00e7os coletados entre os dias 21 e 31 de agosto.<\/p>\n<p>Vitor Abdala<br \/>\nRep\u00f3rter da Ag\u00eancia Brasil<br \/>\nEdi\u00e7\u00e3o: Talita Cavalcante<\/p>\n","protected":false},"excerpt":{"rendered":"<p>S\u00e3o paulo &#8211; O \u00cdndice de Pre\u00e7os ao Consumidor (IPC), medido pela Funda\u00e7\u00e3o Instituto de Pesquisas Econ\u00f4micas (Fipe) na cidade de S\u00e3o Paulo, iniciou setembro com varia\u00e7\u00e3o de 0,21% ante 0,22%, no fechamento de agosto. Tr\u00eas dos sete grupos pesquisados apresentaram redu\u00e7\u00e3o na velocidade de alta, mas o que mais contribuiu para esse resultado foi [&hellip;]<\/p>\n","protected":false},"author":2,"featured_media":38938,"comment_status":"open","ping_status":"closed","sticky":false,"template":"","format":"standard","meta":{"_genesis_hide_title":false,"_genesis_hide_breadcrumbs":false,"_genesis_hide_singular_image":false,"_genesis_hide_footer_widgets":false,"_genesis_custom_body_class":"","_genesis_custom_post_class":"","_genesis_layout":"","_jetpack_memberships_contains_paid_content":false,"footnotes":""},"categories":[22,7],"tags":[],"class_list":{"0":"post-47223","1":"post","2":"type-post","3":"status-publish","4":"format-standard","5":"has-post-thumbnail","7":"category-brasil","8":"category-economia","9":"entry","10":"gs-1","11":"gs-odd","12":"gs-even","13":"gs-featured-content-entry"},"jetpack_featured_media_url":"https:\/\/www.redenoticia.com.br\/noticia\/imagens\/economia1.jpg","jetpack_sharing_enabled":true,"jetpack_likes_enabled":true,"_links":{"self":[{"href":"https:\/\/www.redenoticia.com.br\/noticia\/wp-json\/wp\/v2\/posts\/47223","targetHints":{"allow":["GET"]}}],"collection":[{"href":"https:\/\/www.redenoticia.com.br\/noticia\/wp-json\/wp\/v2\/posts"}],"about":[{"href":"https:\/\/www.redenoticia.com.br\/noticia\/wp-json\/wp\/v2\/types\/post"}],"author":[{"embeddable":true,"href":"https:\/\/www.redenoticia.com.br\/noticia\/wp-json\/wp\/v2\/users\/2"}],"replies":[{"embeddable":true,"href":"https:\/\/www.redenoticia.com.br\/noticia\/wp-json\/wp\/v2\/comments?post=47223"}],"version-history":[{"count":0,"href":"https:\/\/www.redenoticia.com.br\/noticia\/wp-json\/wp\/v2\/posts\/47223\/revisions"}],"wp:featuredmedia":[{"embeddable":true,"href":"https:\/\/www.redenoticia.com.br\/noticia\/wp-json\/wp\/v2\/media\/38938"}],"wp:attachment":[{"href":"https:\/\/www.redenoticia.com.br\/noticia\/wp-json\/wp\/v2\/media?parent=47223"}],"wp:term":[{"taxonomy":"category","embeddable":true,"href":"https:\/\/www.redenoticia.com.br\/noticia\/wp-json\/wp\/v2\/categories?post=47223"},{"taxonomy":"post_tag","embeddable":true,"href":"https:\/\/www.redenoticia.com.br\/noticia\/wp-json\/wp\/v2\/tags?post=47223"}],"curies":[{"name":"wp","href":"https:\/\/api.w.org\/{rel}","templated":true}]}}