{"id":46282,"date":"2013-08-16T22:49:04","date_gmt":"2013-08-17T01:49:04","guid":{"rendered":"http:\/\/www.redenoticia.com.br\/noticia\/?p=46282"},"modified":"2013-08-16T22:49:04","modified_gmt":"2013-08-17T01:49:04","slug":"mec-prorroga-prazo-para-matricula-dos-selecionados-no-sisutec","status":"publish","type":"post","link":"https:\/\/www.redenoticia.com.br\/noticia\/2013\/mec-prorroga-prazo-para-matricula-dos-selecionados-no-sisutec\/46282","title":{"rendered":"MEC prorroga prazo para matr\u00edcula dos selecionados no Sisutec"},"content":{"rendered":"<p>Bras\u00edlia &#8211; O Minist\u00e9rio da Educa\u00e7\u00e3o (MEC) prorrogou o prazo para a divulga\u00e7\u00e3o dos resultados da segunda chamada do processo seletivo e a matr\u00edcula dos candidatos convocados no Sistema de Sele\u00e7\u00e3o Unificada do Ensino T\u00e9cnico e Profissional (<em><strong>Sisutec<\/strong><\/em>), que seria encerrada hoje (16). Portaria publicada na edi\u00e7\u00e3o desta sexta-feira do Di\u00e1rio Oficial da Uni\u00e3o tamb\u00e9m fixa prazo para as inscri\u00e7\u00f5es online em vagas remanescentes.<\/p>\n<p>O prazo da matr\u00edcula para os convocados na primeira chamada foi prorrogado para o pr\u00f3ximo dia 20. Os resultados da segunda chamada ser\u00e3o divulgados no dia 22 e as matr\u00edculas dessa etapa poder\u00e3o ser feitas entre os dias 23 e 27 deste m\u00eas.<\/p>\n<p>As vagas remanescentes ser\u00e3o ocupadas em livre concorr\u00eancia, por meio de inscri\u00e7\u00e3o na\u00a0<a href=\"http:\/\/sisutec.mec.gov.br\/\" target=\"_blank\">p\u00e1gina do programa na internet<\/a>,\u00a0entre os dias 29 de agosto e 16 de setembro. As institui\u00e7\u00f5es de ensino credenciadas no Sisutec poder\u00e3o alterar a data de in\u00edcio das aulas, observando como limite o dia 21 de outubro.<\/p>\n<p>O Sisutec oferece vagas gratuitas em cursos t\u00e9cnicos para quem estiver terminando o ensino m\u00e9dio. A sele\u00e7\u00e3o \u00e9 feita por meio da nota do Exame Nacional do Ensino M\u00e9dio (Enem) 2012.<\/p>\n<p>A primeira edi\u00e7\u00e3o do Sisutec teve 383.080 inscritos. Como cada candidato podia fazer at\u00e9 duas op\u00e7\u00f5es, foram 737.229 inscri\u00e7\u00f5es. Os cursos mais procurados foram t\u00e9cnico em seguran\u00e7a do trabalho, com 89.656 inscri\u00e7\u00f5es para 13 mil vagas, seguido de t\u00e9cnico em inform\u00e1tica, com 71.850 candidatos para 23 mil vagas. Do total de inscri\u00e7\u00f5es, 57% foram feitos por mulheres. Os cursos noturnos tiveram a prefer\u00eancia.<\/p>\n<p>Do total de vagas, 85% s\u00e3o destinadas aos candidatos que cursaram o ensino m\u00e9dio na rede p\u00fablica ou na rede privada na condi\u00e7\u00e3o de bolsista integral. As vagas s\u00e3o ofertadas em institui\u00e7\u00f5es da rede publica, privada e do Sistema S. Os cursos t\u00eam de um a dois anos de dura\u00e7\u00e3o, com carga hor\u00e1ria entre 800 e 1.200 horas-aula.<\/p>\n<p>Da Ag\u00eancia Brasil<br \/>\nColaborou Mariana Tokarnia<\/p>\n<p>Edi\u00e7\u00e3o: Gra\u00e7a Adjuto<\/p>\n","protected":false},"excerpt":{"rendered":"<p>Bras\u00edlia &#8211; O Minist\u00e9rio da Educa\u00e7\u00e3o (MEC) prorrogou o prazo para a divulga\u00e7\u00e3o dos resultados da segunda chamada do processo seletivo e a matr\u00edcula dos candidatos convocados no Sistema de Sele\u00e7\u00e3o Unificada do Ensino T\u00e9cnico e Profissional (Sisutec), que seria encerrada hoje (16). Portaria publicada na edi\u00e7\u00e3o desta sexta-feira do Di\u00e1rio Oficial da Uni\u00e3o tamb\u00e9m [&hellip;]<\/p>\n","protected":false},"author":2,"featured_media":22752,"comment_status":"open","ping_status":"closed","sticky":false,"template":"","format":"standard","meta":{"_genesis_hide_title":false,"_genesis_hide_breadcrumbs":false,"_genesis_hide_singular_image":false,"_genesis_hide_footer_widgets":false,"_genesis_custom_body_class":"","_genesis_custom_post_class":"","_genesis_layout":"","_jetpack_memberships_contains_paid_content":false,"footnotes":""},"categories":[22],"tags":[],"class_list":{"0":"post-46282","1":"post","2":"type-post","3":"status-publish","4":"format-standard","5":"has-post-thumbnail","7":"category-brasil","8":"entry","9":"gs-1","10":"gs-odd","11":"gs-even","12":"gs-featured-content-entry"},"jetpack_featured_media_url":"https:\/\/www.redenoticia.com.br\/noticia\/imagens\/sisu-enem-mec.jpg","jetpack_sharing_enabled":true,"jetpack_likes_enabled":true,"_links":{"self":[{"href":"https:\/\/www.redenoticia.com.br\/noticia\/wp-json\/wp\/v2\/posts\/46282","targetHints":{"allow":["GET"]}}],"collection":[{"href":"https:\/\/www.redenoticia.com.br\/noticia\/wp-json\/wp\/v2\/posts"}],"about":[{"href":"https:\/\/www.redenoticia.com.br\/noticia\/wp-json\/wp\/v2\/types\/post"}],"author":[{"embeddable":true,"href":"https:\/\/www.redenoticia.com.br\/noticia\/wp-json\/wp\/v2\/users\/2"}],"replies":[{"embeddable":true,"href":"https:\/\/www.redenoticia.com.br\/noticia\/wp-json\/wp\/v2\/comments?post=46282"}],"version-history":[{"count":0,"href":"https:\/\/www.redenoticia.com.br\/noticia\/wp-json\/wp\/v2\/posts\/46282\/revisions"}],"wp:featuredmedia":[{"embeddable":true,"href":"https:\/\/www.redenoticia.com.br\/noticia\/wp-json\/wp\/v2\/media\/22752"}],"wp:attachment":[{"href":"https:\/\/www.redenoticia.com.br\/noticia\/wp-json\/wp\/v2\/media?parent=46282"}],"wp:term":[{"taxonomy":"category","embeddable":true,"href":"https:\/\/www.redenoticia.com.br\/noticia\/wp-json\/wp\/v2\/categories?post=46282"},{"taxonomy":"post_tag","embeddable":true,"href":"https:\/\/www.redenoticia.com.br\/noticia\/wp-json\/wp\/v2\/tags?post=46282"}],"curies":[{"name":"wp","href":"https:\/\/api.w.org\/{rel}","templated":true}]}}