{"id":4493,"date":"2009-07-02T20:36:34","date_gmt":"2009-07-03T00:36:34","guid":{"rendered":"http:\/\/www.redenoticia.com.br\/noticia\/?p=4493"},"modified":"2009-07-02T22:27:30","modified_gmt":"2009-07-03T02:27:30","slug":"casa-civil-fiscalizara-acordos-feitos-entre-governo-do-estado-de-rondonia-e-uniao-em-relacao-a-flona-bom-futuro","status":"publish","type":"post","link":"https:\/\/www.redenoticia.com.br\/noticia\/2009\/casa-civil-fiscalizara-acordos-feitos-entre-governo-do-estado-de-rondonia-e-uniao-em-relacao-a-flona-bom-futuro\/4493","title":{"rendered":"Casa Civil fiscalizar\u00e1 acordos feitos entre Governo do Estado de Rond\u00f4nia e Uni\u00e3o em rela\u00e7\u00e3o \u00e0 Flona Bom Futuro"},"content":{"rendered":"<p>A Ministra interina do Meio Ambiente(MMA), Dra. Izabela Teixeira, disse hoje ao deputado Eduardo Valverde (PT\/RO), que ser\u00e1 formado um Grupo de Trabalho(GT), coordenado pela Casa Civil, destinado a acompanhar o cumprimento do acordo feito pelo Governo do Estado de Rond\u00f4nia com o Governo Federal em rela\u00e7\u00e3o \u00e0 Floresta Nacional (Flona) Bom Futuro.<\/p>\n<p>O acordo assinado pelo ministro do Meio Ambiente Carlos Minc, o presidente do Instituto Chico Mendes de Conserva\u00e7\u00e3o da Biodiversidade (ICMBio) R\u00f4mulo Jos\u00e9 Fernandes Barreto Mello e o governador de Rond\u00f4nia Ivo Cassol, estabeleceu que ser\u00e1 criado uma \u00c1rea de Prote\u00e7\u00e3o Ambiental de 70 mil hectares, regi\u00e3o onde se encontra, atualmente, grileiros que possuem mais de 40 mil cabe\u00e7as de gado; uma Floresta Estadual de 70 mil hectares, e o\u00a0\u00a0territ\u00f3rio restante, de 132 mil hectares, formar\u00e1 uma Unidade de Conserva\u00e7\u00e3o Federal sob administra\u00e7\u00e3o do ICMBio.<\/p>\n<p>Al\u00e9m da permuta ficou estabelecido que o governo do estado providenciasse a retirada dos criadores de gado e a transfer\u00eancia das fam\u00edlias para outra \u00e1rea.<\/p>\n<p>Conforme as informa\u00e7\u00f5es passadas ao deputado Valverde, as a\u00e7\u00f5es de fiscaliza\u00e7\u00e3o na Flona, efetuadas pelo IBAMA continuar\u00e3o, pois na \u00e1rea da Unidade de Preserva\u00e7\u00e3o Integral, n\u00e3o poder\u00e1 haver desmatamento e nem assentamentos, pelo contr\u00e1rio haver\u00e1 um trabalho de reflorestamento da \u00e1rea.<\/p>\n<p>Valverde lembrou que o acordo feito entre Minist\u00e9rio do Meio Ambiente e Governo do Estado n\u00e3o coloca em quest\u00e3o a retirada do gado e nem o fim das fiscaliza\u00e7\u00f5es e puni\u00e7\u00f5es. J\u00e1 nas \u00e1reas onde as fam\u00edlias est\u00e3o assentadas e nas que receber\u00e3o os remanejados ser\u00e1 criado plano de manejo sustent\u00e1vel.<\/p>\n","protected":false},"excerpt":{"rendered":"<p>A Ministra interina do Meio Ambiente(MMA), Dra. Izabela Teixeira, disse hoje ao deputado Eduardo Valverde (PT\/RO), que ser\u00e1 formado um Grupo de Trabalho(GT), coordenado pela Casa Civil, destinado a acompanhar o cumprimento do acordo feito pelo Governo do Estado de Rond\u00f4nia com o Governo Federal em rela\u00e7\u00e3o \u00e0 Floresta Nacional (Flona) Bom Futuro. O acordo [&hellip;]<\/p>\n","protected":false},"author":2,"featured_media":0,"comment_status":"open","ping_status":"open","sticky":false,"template":"","format":"standard","meta":{"_genesis_hide_title":false,"_genesis_hide_breadcrumbs":false,"_genesis_hide_singular_image":false,"_genesis_hide_footer_widgets":false,"_genesis_custom_body_class":"","_genesis_custom_post_class":"","_genesis_layout":"","_jetpack_memberships_contains_paid_content":false,"footnotes":""},"categories":[22],"tags":[],"class_list":{"0":"post-4493","1":"post","2":"type-post","3":"status-publish","4":"format-standard","6":"category-brasil","7":"entry","8":"gs-1","9":"gs-odd","10":"gs-even","11":"gs-featured-content-entry"},"jetpack_featured_media_url":"","jetpack_sharing_enabled":true,"jetpack_likes_enabled":true,"_links":{"self":[{"href":"https:\/\/www.redenoticia.com.br\/noticia\/wp-json\/wp\/v2\/posts\/4493","targetHints":{"allow":["GET"]}}],"collection":[{"href":"https:\/\/www.redenoticia.com.br\/noticia\/wp-json\/wp\/v2\/posts"}],"about":[{"href":"https:\/\/www.redenoticia.com.br\/noticia\/wp-json\/wp\/v2\/types\/post"}],"author":[{"embeddable":true,"href":"https:\/\/www.redenoticia.com.br\/noticia\/wp-json\/wp\/v2\/users\/2"}],"replies":[{"embeddable":true,"href":"https:\/\/www.redenoticia.com.br\/noticia\/wp-json\/wp\/v2\/comments?post=4493"}],"version-history":[{"count":0,"href":"https:\/\/www.redenoticia.com.br\/noticia\/wp-json\/wp\/v2\/posts\/4493\/revisions"}],"wp:attachment":[{"href":"https:\/\/www.redenoticia.com.br\/noticia\/wp-json\/wp\/v2\/media?parent=4493"}],"wp:term":[{"taxonomy":"category","embeddable":true,"href":"https:\/\/www.redenoticia.com.br\/noticia\/wp-json\/wp\/v2\/categories?post=4493"},{"taxonomy":"post_tag","embeddable":true,"href":"https:\/\/www.redenoticia.com.br\/noticia\/wp-json\/wp\/v2\/tags?post=4493"}],"curies":[{"name":"wp","href":"https:\/\/api.w.org\/{rel}","templated":true}]}}