{"id":44474,"date":"2013-05-24T14:53:18","date_gmt":"2013-05-24T17:53:18","guid":{"rendered":"http:\/\/www.redenoticia.com.br\/noticia\/?p=44474"},"modified":"2013-05-24T14:53:18","modified_gmt":"2013-05-24T17:53:18","slug":"diferenca-salarial-entre-trabalhadores-com-e-sem-nivel-superior-chega-a-219","status":"publish","type":"post","link":"https:\/\/www.redenoticia.com.br\/noticia\/2013\/diferenca-salarial-entre-trabalhadores-com-e-sem-nivel-superior-chega-a-219\/44474","title":{"rendered":"Diferen\u00e7a salarial entre trabalhadores com e sem n\u00edvel superior chega a 219%"},"content":{"rendered":"<p>Rio de Janeiro \u2013 A <em><strong>diferen\u00e7a salarial<\/strong><\/em> entre os trabalhadores brasileiros com e sem n\u00edvel superior pode chegar a 219%, segundo dados da pesquisa Estat\u00edsticas do Cadastro Central de Empresas (Cempre) 2011, divulgada hoje (24) pelo Instituto Brasileiro de Geografia e Estat\u00edstica (IBGE). No per\u00edodo, quem tinha n\u00edvel superior recebia, em m\u00e9dia, sal\u00e1rio de R$ 4.135 e quem n\u00e3o tinha, R$ 1.294.<\/p>\n<p>O estudo, que re\u00fane informa\u00e7\u00f5es cadastrais e econ\u00f4micas de empresas e outras organiza\u00e7\u00f5es (administra\u00e7\u00e3o p\u00fablica, entidades sem fins lucrativos, pessoas f\u00edsicas e institui\u00e7\u00f5es extraterritoriais), mostra ainda que 82,9% dos assalariados n\u00e3o tinham n\u00edvel superior e 17,1% tinham.<\/p>\n<p>Em 2011, as empresas pagaram os sal\u00e1rios mensais mais baixos (m\u00e9dia de R$ 1.592), enquanto a administra\u00e7\u00e3o p\u00fablica pagou os mais elevados (m\u00e9dia de R$ 2.478), seguida das entidades sem fins lucrativos, que pagaram sal\u00e1rio mensal m\u00e9dio de R$ 1.691.<\/p>\n<p>Os maiores sal\u00e1rios m\u00e9dios mensais foram pagos pelo setor de eletricidade e g\u00e1s (R$ 5.567), seguido por atividades financeiras, de seguros e servi\u00e7os relacionados (R$ 4.213). J\u00e1 os menores foram pagos por alojamento e alimenta\u00e7\u00e3o (R$ 858) e atividades administrativas e servi\u00e7os complementares (R$ 1.110).<\/p>\n<p>A pesquisa aponta tamb\u00e9m aumento de 5,7% no n\u00famero de mulheres contratadas entre 2010 e 2011, varia\u00e7\u00e3o superior \u00e0 dos homens (4,7%) contratados no mesmo per\u00edodo. Ainda assim, os homens continuam sendo maioria (57,7% contra 42,3%) e continuam a ganhar mais: em m\u00e9dia, R$ 1.962, 25,7% a mais do que a m\u00e9dia salarial das mulheres (R$ 1.561,12).<\/p>\n<p>Fl\u00e1via Villela<br \/>\nRep\u00f3rter da Ag\u00eancia Brasil<br \/>\nEdi\u00e7\u00e3o: Denise Griesinger<\/p>\n","protected":false},"excerpt":{"rendered":"<p>Rio de Janeiro \u2013 A diferen\u00e7a salarial entre os trabalhadores brasileiros com e sem n\u00edvel superior pode chegar a 219%, segundo dados da pesquisa Estat\u00edsticas do Cadastro Central de Empresas (Cempre) 2011, divulgada hoje (24) pelo Instituto Brasileiro de Geografia e Estat\u00edstica (IBGE). No per\u00edodo, quem tinha n\u00edvel superior recebia, em m\u00e9dia, sal\u00e1rio de R$ [&hellip;]<\/p>\n","protected":false},"author":3,"featured_media":40734,"comment_status":"open","ping_status":"closed","sticky":false,"template":"","format":"standard","meta":{"_genesis_hide_title":false,"_genesis_hide_breadcrumbs":false,"_genesis_hide_singular_image":false,"_genesis_hide_footer_widgets":false,"_genesis_custom_body_class":"","_genesis_custom_post_class":"","_genesis_layout":"","_jetpack_memberships_contains_paid_content":false,"footnotes":""},"categories":[22,7],"tags":[],"class_list":{"0":"post-44474","1":"post","2":"type-post","3":"status-publish","4":"format-standard","5":"has-post-thumbnail","7":"category-brasil","8":"category-economia","9":"entry","10":"gs-1","11":"gs-odd","12":"gs-even","13":"gs-featured-content-entry"},"jetpack_featured_media_url":"https:\/\/www.redenoticia.com.br\/noticia\/imagens\/economia-resultados.jpg","jetpack_sharing_enabled":true,"jetpack_likes_enabled":true,"_links":{"self":[{"href":"https:\/\/www.redenoticia.com.br\/noticia\/wp-json\/wp\/v2\/posts\/44474","targetHints":{"allow":["GET"]}}],"collection":[{"href":"https:\/\/www.redenoticia.com.br\/noticia\/wp-json\/wp\/v2\/posts"}],"about":[{"href":"https:\/\/www.redenoticia.com.br\/noticia\/wp-json\/wp\/v2\/types\/post"}],"author":[{"embeddable":true,"href":"https:\/\/www.redenoticia.com.br\/noticia\/wp-json\/wp\/v2\/users\/3"}],"replies":[{"embeddable":true,"href":"https:\/\/www.redenoticia.com.br\/noticia\/wp-json\/wp\/v2\/comments?post=44474"}],"version-history":[{"count":0,"href":"https:\/\/www.redenoticia.com.br\/noticia\/wp-json\/wp\/v2\/posts\/44474\/revisions"}],"wp:featuredmedia":[{"embeddable":true,"href":"https:\/\/www.redenoticia.com.br\/noticia\/wp-json\/wp\/v2\/media\/40734"}],"wp:attachment":[{"href":"https:\/\/www.redenoticia.com.br\/noticia\/wp-json\/wp\/v2\/media?parent=44474"}],"wp:term":[{"taxonomy":"category","embeddable":true,"href":"https:\/\/www.redenoticia.com.br\/noticia\/wp-json\/wp\/v2\/categories?post=44474"},{"taxonomy":"post_tag","embeddable":true,"href":"https:\/\/www.redenoticia.com.br\/noticia\/wp-json\/wp\/v2\/tags?post=44474"}],"curies":[{"name":"wp","href":"https:\/\/api.w.org\/{rel}","templated":true}]}}