{"id":44473,"date":"2013-05-24T14:50:45","date_gmt":"2013-05-24T17:50:45","guid":{"rendered":"http:\/\/www.redenoticia.com.br\/noticia\/?p=44473"},"modified":"2013-05-24T14:51:10","modified_gmt":"2013-05-24T17:51:10","slug":"meta-do-estado-e-chegar-em-2020-com-20-de-cobertura-vegetal","status":"publish","type":"post","link":"https:\/\/www.redenoticia.com.br\/noticia\/2013\/meta-do-estado-e-chegar-em-2020-com-20-de-cobertura-vegetal\/44473","title":{"rendered":"Meta do Estado SP \u00e9 chegar em 2020 com 20% de cobertura vegetal"},"content":{"rendered":"<p>Durante abertura do evento &#8220;<em><strong>Viva a Mata 2013<\/strong><\/em>&#8220;, organizado pela Funda\u00e7\u00e3o SOS Mata Atl\u00e2ntica, o governador Geraldo Alckmin destacou que em 1998, seis anos ap\u00f3s \u00e0 cria\u00e7\u00e3o da entidade, no evento &#8220;Rio 92&#8221;, o Estado de S\u00e3o Paulo tinha 13,5% de cobertura vegetal. Na &#8220;Rio + 20&#8221;, a cobertura j\u00e1 alcan\u00e7ava 17,5%. &#8220;A meta para 2020 \u00e9 chegarmos a 20% de cobertura vegetal no Estado de S\u00e3o Paulo&#8221;, anunciou.<\/p>\n<p>A noite foi marcada tamb\u00e9m pelo an\u00fancio no novo presidente da Funda\u00e7\u00e3o. O empres\u00e1rio Roberto Klabin deixa a presid\u00eancia ap\u00f3s 22 anos, e quem assume \u00e9 o vice-presidente da SOS Mata Atl\u00e2ntica desde 2009, Pedro Passos. &#8220;Fico feliz em continuar a fazer parte do conselho da SOS e como um dos quatro vice-presidentes&#8221;, declarou Roberto Klabin.<\/p>\n<p>Ainda comp\u00f5em as vice-presid\u00eancias Jos\u00e9 Olympio, para \u00e1rea de florestas e restaura\u00e7\u00e3o, Roberto Oliveira de Lima, para \u00e1rea de ambiente urbano e Morris Safdie, na \u00e1rea financeira.<\/p>\n<p>Em discurso, Alckmin tamb\u00e9m destacou que o trabalho promovido pela institui\u00e7\u00e3o \u00e9 um exemplo de que &#8220;na vida n\u00e3o basta viver, \u00e9 preciso conviver e participar&#8221;.<\/p>\n<p>Sobre o Viva a Mata<\/p>\n<p>O Viva a Mata &#8211; Encontro Nacional pela Mata Atl\u00e2ntica \u00e9 um evento gratuito que est\u00e1 em sua nona edi\u00e7\u00e3o apresentando o tema &#8220;Direitos e Deveres Ambientais&#8221;. A programa\u00e7\u00e3o do Viva a Mata contar\u00e1 com diversas a\u00e7\u00f5es interativas. Seis pavilh\u00f5es &#8211; florestas, mar, ambiente urbano, \u00e1gua, mudan\u00e7as clim\u00e1ticas e propriedades sustent\u00e1veis &#8211; reunir\u00e3o atividades sensoriais e vivenciais sobre cada um dos temas, al\u00e9m de exposi\u00e7\u00f5es de ONGs que lutam pela sustentabilidade e empresas parceiras.<\/p>\n<p>Do Portal do Governo do Estado<\/p>\n","protected":false},"excerpt":{"rendered":"<p>Durante abertura do evento &#8220;Viva a Mata 2013&#8220;, organizado pela Funda\u00e7\u00e3o SOS Mata Atl\u00e2ntica, o governador Geraldo Alckmin destacou que em 1998, seis anos ap\u00f3s \u00e0 cria\u00e7\u00e3o da entidade, no evento &#8220;Rio 92&#8221;, o Estado de S\u00e3o Paulo tinha 13,5% de cobertura vegetal. Na &#8220;Rio + 20&#8221;, a cobertura j\u00e1 alcan\u00e7ava 17,5%. &#8220;A meta para [&hellip;]<\/p>\n","protected":false},"author":3,"featured_media":34905,"comment_status":"open","ping_status":"closed","sticky":false,"template":"","format":"standard","meta":{"_genesis_hide_title":false,"_genesis_hide_breadcrumbs":false,"_genesis_hide_singular_image":false,"_genesis_hide_footer_widgets":false,"_genesis_custom_body_class":"","_genesis_custom_post_class":"","_genesis_layout":"","_jetpack_memberships_contains_paid_content":false,"footnotes":""},"categories":[22],"tags":[],"class_list":{"0":"post-44473","1":"post","2":"type-post","3":"status-publish","4":"format-standard","5":"has-post-thumbnail","7":"category-brasil","8":"entry","9":"gs-1","10":"gs-odd","11":"gs-even","12":"gs-featured-content-entry"},"jetpack_featured_media_url":"https:\/\/www.redenoticia.com.br\/noticia\/imagens\/codigo-florestal.jpg","jetpack_sharing_enabled":true,"jetpack_likes_enabled":true,"_links":{"self":[{"href":"https:\/\/www.redenoticia.com.br\/noticia\/wp-json\/wp\/v2\/posts\/44473","targetHints":{"allow":["GET"]}}],"collection":[{"href":"https:\/\/www.redenoticia.com.br\/noticia\/wp-json\/wp\/v2\/posts"}],"about":[{"href":"https:\/\/www.redenoticia.com.br\/noticia\/wp-json\/wp\/v2\/types\/post"}],"author":[{"embeddable":true,"href":"https:\/\/www.redenoticia.com.br\/noticia\/wp-json\/wp\/v2\/users\/3"}],"replies":[{"embeddable":true,"href":"https:\/\/www.redenoticia.com.br\/noticia\/wp-json\/wp\/v2\/comments?post=44473"}],"version-history":[{"count":0,"href":"https:\/\/www.redenoticia.com.br\/noticia\/wp-json\/wp\/v2\/posts\/44473\/revisions"}],"wp:featuredmedia":[{"embeddable":true,"href":"https:\/\/www.redenoticia.com.br\/noticia\/wp-json\/wp\/v2\/media\/34905"}],"wp:attachment":[{"href":"https:\/\/www.redenoticia.com.br\/noticia\/wp-json\/wp\/v2\/media?parent=44473"}],"wp:term":[{"taxonomy":"category","embeddable":true,"href":"https:\/\/www.redenoticia.com.br\/noticia\/wp-json\/wp\/v2\/categories?post=44473"},{"taxonomy":"post_tag","embeddable":true,"href":"https:\/\/www.redenoticia.com.br\/noticia\/wp-json\/wp\/v2\/tags?post=44473"}],"curies":[{"name":"wp","href":"https:\/\/api.w.org\/{rel}","templated":true}]}}