{"id":44470,"date":"2013-05-24T14:43:20","date_gmt":"2013-05-24T17:43:20","guid":{"rendered":"http:\/\/www.redenoticia.com.br\/noticia\/?p=44470"},"modified":"2013-05-24T14:43:38","modified_gmt":"2013-05-24T17:43:38","slug":"inflacao-medida-pelo-ipc-s-sobe-em-cinco-capitais","status":"publish","type":"post","link":"https:\/\/www.redenoticia.com.br\/noticia\/2013\/inflacao-medida-pelo-ipc-s-sobe-em-cinco-capitais\/44470","title":{"rendered":"Infla\u00e7\u00e3o medida pelo IPC-S sobe em cinco capitais"},"content":{"rendered":"<p>Rio de Janeiro \u2013 A<em><strong> infla\u00e7\u00e3o<\/strong> <\/em>medida pelo \u00cdndice de Pre\u00e7os ao Consumidor Semanal (IPC-S) aumentou em cinco das sete capitais, na terceira semana de maio, divulgou hoje (24), a Funda\u00e7\u00e3o Getulio Vargas (FGV). O \u00edndice subiu de 0,38% na segunda pr\u00e9via do m\u00eas, para 0,40% na terceira.<\/p>\n<p>Os dados mostram que foram registradas altas em Porto Alegre, onde o percentual quase dobrou (de 0,24% para 0,41%), em S\u00e3o Paulo (de 0,42% para 0,49%), no Rio de Janeiro (de 0,39% para 0,44%), em Belo Horizonte (de 0,54% para 0,57%) e no Recife (0,50% e 0,51%).<\/p>\n<p>Por outro lado, Salvador e Bras\u00edlia registraram queda do IPC-S na terceira pr\u00e9via de maio. Em Salvador a varia\u00e7\u00e3o foi de 0,05% para -0,30%; em Bras\u00edlia a redu\u00e7\u00e3o do \u00edndice foi de 0,64% para 0,59%.<\/p>\n<p>Isabela Vieira<br \/>\nRep\u00f3rter da Ag\u00eancia Brasil<\/p>\n<p>Edi\u00e7\u00e3o: Denise Griesinger<\/p>\n<p>Presidente do Banco Central assegura que infla\u00e7\u00e3o est\u00e1 sob controle e cair\u00e1 nos pr\u00f3ximos meses<\/p>\n<p>Wellton M\u00e1ximo<br \/>\nRep\u00f3rter da Ag\u00eancia Brasil<\/p>\n<p>Bras\u00edlia \u2013 Depois de atingir picos no primeiro trimestre, a infla\u00e7\u00e3o come\u00e7ou a desacelerar e tende a continuar a cair nos pr\u00f3ximos meses, disse o presidente do Banco Central (BC), Alexandre Tombini. Em audi\u00eancia p\u00fablica na C\u00e2mara dos Deputados, ele assegurou que os pre\u00e7os est\u00e3o sob controle e que n\u00e3o h\u00e1 risco de o \u00edndice oficial fechar o ano acima do teto da meta.<\/p>\n<p>De acordo com Tombini, o principal fator que manteve a infla\u00e7\u00e3o elevada no in\u00edcio de 2013 foi o choque nos pre\u00e7os dos alimentos, que dependem de fatores externos, n\u00e3o ligados \u00e0 pol\u00edtica monet\u00e1ria. Segundo ele, o in\u00edcio do ciclo de aumento da taxa Selic (juros b\u00e1sicos da economia) e o al\u00edvio nas press\u00f5es dos pre\u00e7os de determinados alimentos impedir\u00e3o que a infla\u00e7\u00e3o fuja do controle.<\/p>\n<p>Edi\u00e7\u00e3o: Jos\u00e9 Romildo<\/p>\n","protected":false},"excerpt":{"rendered":"<p>Rio de Janeiro \u2013 A infla\u00e7\u00e3o medida pelo \u00cdndice de Pre\u00e7os ao Consumidor Semanal (IPC-S) aumentou em cinco das sete capitais, na terceira semana de maio, divulgou hoje (24), a Funda\u00e7\u00e3o Getulio Vargas (FGV). O \u00edndice subiu de 0,38% na segunda pr\u00e9via do m\u00eas, para 0,40% na terceira. Os dados mostram que foram registradas altas [&hellip;]<\/p>\n","protected":false},"author":3,"featured_media":34916,"comment_status":"open","ping_status":"closed","sticky":false,"template":"","format":"standard","meta":{"_genesis_hide_title":false,"_genesis_hide_breadcrumbs":false,"_genesis_hide_singular_image":false,"_genesis_hide_footer_widgets":false,"_genesis_custom_body_class":"","_genesis_custom_post_class":"","_genesis_layout":"","_jetpack_memberships_contains_paid_content":false,"footnotes":""},"categories":[22,7],"tags":[],"class_list":{"0":"post-44470","1":"post","2":"type-post","3":"status-publish","4":"format-standard","5":"has-post-thumbnail","7":"category-brasil","8":"category-economia","9":"entry","10":"gs-1","11":"gs-odd","12":"gs-even","13":"gs-featured-content-entry"},"jetpack_featured_media_url":"https:\/\/www.redenoticia.com.br\/noticia\/imagens\/inflacao.jpg","jetpack_sharing_enabled":true,"jetpack_likes_enabled":true,"_links":{"self":[{"href":"https:\/\/www.redenoticia.com.br\/noticia\/wp-json\/wp\/v2\/posts\/44470","targetHints":{"allow":["GET"]}}],"collection":[{"href":"https:\/\/www.redenoticia.com.br\/noticia\/wp-json\/wp\/v2\/posts"}],"about":[{"href":"https:\/\/www.redenoticia.com.br\/noticia\/wp-json\/wp\/v2\/types\/post"}],"author":[{"embeddable":true,"href":"https:\/\/www.redenoticia.com.br\/noticia\/wp-json\/wp\/v2\/users\/3"}],"replies":[{"embeddable":true,"href":"https:\/\/www.redenoticia.com.br\/noticia\/wp-json\/wp\/v2\/comments?post=44470"}],"version-history":[{"count":0,"href":"https:\/\/www.redenoticia.com.br\/noticia\/wp-json\/wp\/v2\/posts\/44470\/revisions"}],"wp:featuredmedia":[{"embeddable":true,"href":"https:\/\/www.redenoticia.com.br\/noticia\/wp-json\/wp\/v2\/media\/34916"}],"wp:attachment":[{"href":"https:\/\/www.redenoticia.com.br\/noticia\/wp-json\/wp\/v2\/media?parent=44470"}],"wp:term":[{"taxonomy":"category","embeddable":true,"href":"https:\/\/www.redenoticia.com.br\/noticia\/wp-json\/wp\/v2\/categories?post=44470"},{"taxonomy":"post_tag","embeddable":true,"href":"https:\/\/www.redenoticia.com.br\/noticia\/wp-json\/wp\/v2\/tags?post=44470"}],"curies":[{"name":"wp","href":"https:\/\/api.w.org\/{rel}","templated":true}]}}