{"id":44469,"date":"2013-05-24T14:39:51","date_gmt":"2013-05-24T17:39:51","guid":{"rendered":"http:\/\/www.redenoticia.com.br\/noticia\/?p=44469"},"modified":"2013-05-24T14:39:51","modified_gmt":"2013-05-24T17:39:51","slug":"alianca-do-pacifico-tera-mais-sete-paises-observadores-e-visto-comum-para-turistas","status":"publish","type":"post","link":"https:\/\/www.redenoticia.com.br\/noticia\/2013\/alianca-do-pacifico-tera-mais-sete-paises-observadores-e-visto-comum-para-turistas\/44469","title":{"rendered":"Alian\u00e7a do Pac\u00edfico ter\u00e1 mais sete pa\u00edses observadores e visto comum para turistas"},"content":{"rendered":"<p>Bogot\u00e1 &#8211; Ao encerrar a 7\u00aa C\u00fapula da <em><strong>Alian\u00e7a do Pac\u00edfico<\/strong><\/em>, em C\u00e1li, na Col\u00f4mbia &#8211; bloco econ\u00f4mico, criado em 2011, formado pelo Chile, pela Col\u00f4mbia, pelo M\u00e9xico e Peru &#8211; os presidentes dos quatro pa\u00edses assinaram o &#8220;acordo marco&#8221; em que s\u00e3o definidas todas as regras e objetivos do bloco.<\/p>\n<p>Eles tamb\u00e9m aprovaram a entrada de mais sete pa\u00edses como observadores: Equador, El Salvador, Fran\u00e7a, Portugal, Paraguai e Rep\u00fablica Dominicana e ainda a cria\u00e7\u00e3o de um visto tur\u00edstico para promover o turismo regional.<\/p>\n<p>&#8220;Se estabeleceu o visto para que os cidad\u00e3os de outras nacionalidades possam visitar, sem restri\u00e7\u00f5es, os territ\u00f3rio dos pa\u00edses que fazem parte deste bloco&#8221;, disse \u00e0 imprensa o presidente anfitri\u00e3o, Juan Manuel Santos, ao lado dos colegas do M\u00e9xico, Enrique Pe\u00f1a Nieto; do Chile, Sebasti\u00e1n Pi\u00f1era e do Peru, Ollanta Humala.<\/p>\n<p>Foi firmado ainda um acordo de transpar\u00eancia fiscal entre os pa\u00edses para combater a sonega\u00e7\u00e3o de impostos. A medida ser\u00e1 importante porque, cerca de 90% dos produtos produzidos pelos quatro pa\u00edses-membros poder\u00e3o ser comercializados sem nenhuma tarifa. Os acordos dever\u00e3o entrar em vig\u00eancia a partir de 30 de junho.<\/p>\n<p>Os presidentes tamb\u00e9m assinaram um documento com regras que definindo os que pa\u00edses da regi\u00e3o devem cumprir para fazer parte do bloco. O primeiro pedido em estudo \u00e9 o da Costa Rica, que j\u00e1 firmou um tratado de livre com\u00e9rcio com a Col\u00f4mbia.<\/p>\n<p>Leandra Felipe<br \/>\nCorrespondente da Ag\u00eancia Brasil\/EBC<\/p>\n<p>Edi\u00e7\u00e3o: A\u00e9cio Amado<\/p>\n","protected":false},"excerpt":{"rendered":"<p>Bogot\u00e1 &#8211; Ao encerrar a 7\u00aa C\u00fapula da Alian\u00e7a do Pac\u00edfico, em C\u00e1li, na Col\u00f4mbia &#8211; bloco econ\u00f4mico, criado em 2011, formado pelo Chile, pela Col\u00f4mbia, pelo M\u00e9xico e Peru &#8211; os presidentes dos quatro pa\u00edses assinaram o &#8220;acordo marco&#8221; em que s\u00e3o definidas todas as regras e objetivos do bloco. Eles tamb\u00e9m aprovaram a [&hellip;]<\/p>\n","protected":false},"author":3,"featured_media":38938,"comment_status":"open","ping_status":"closed","sticky":false,"template":"","format":"standard","meta":{"_genesis_hide_title":false,"_genesis_hide_breadcrumbs":false,"_genesis_hide_singular_image":false,"_genesis_hide_footer_widgets":false,"_genesis_custom_body_class":"","_genesis_custom_post_class":"","_genesis_layout":"","_jetpack_memberships_contains_paid_content":false,"footnotes":""},"categories":[22,7],"tags":[],"class_list":{"0":"post-44469","1":"post","2":"type-post","3":"status-publish","4":"format-standard","5":"has-post-thumbnail","7":"category-brasil","8":"category-economia","9":"entry","10":"gs-1","11":"gs-odd","12":"gs-even","13":"gs-featured-content-entry"},"jetpack_featured_media_url":"https:\/\/www.redenoticia.com.br\/noticia\/imagens\/economia1.jpg","jetpack_sharing_enabled":true,"jetpack_likes_enabled":true,"_links":{"self":[{"href":"https:\/\/www.redenoticia.com.br\/noticia\/wp-json\/wp\/v2\/posts\/44469","targetHints":{"allow":["GET"]}}],"collection":[{"href":"https:\/\/www.redenoticia.com.br\/noticia\/wp-json\/wp\/v2\/posts"}],"about":[{"href":"https:\/\/www.redenoticia.com.br\/noticia\/wp-json\/wp\/v2\/types\/post"}],"author":[{"embeddable":true,"href":"https:\/\/www.redenoticia.com.br\/noticia\/wp-json\/wp\/v2\/users\/3"}],"replies":[{"embeddable":true,"href":"https:\/\/www.redenoticia.com.br\/noticia\/wp-json\/wp\/v2\/comments?post=44469"}],"version-history":[{"count":0,"href":"https:\/\/www.redenoticia.com.br\/noticia\/wp-json\/wp\/v2\/posts\/44469\/revisions"}],"wp:featuredmedia":[{"embeddable":true,"href":"https:\/\/www.redenoticia.com.br\/noticia\/wp-json\/wp\/v2\/media\/38938"}],"wp:attachment":[{"href":"https:\/\/www.redenoticia.com.br\/noticia\/wp-json\/wp\/v2\/media?parent=44469"}],"wp:term":[{"taxonomy":"category","embeddable":true,"href":"https:\/\/www.redenoticia.com.br\/noticia\/wp-json\/wp\/v2\/categories?post=44469"},{"taxonomy":"post_tag","embeddable":true,"href":"https:\/\/www.redenoticia.com.br\/noticia\/wp-json\/wp\/v2\/tags?post=44469"}],"curies":[{"name":"wp","href":"https:\/\/api.w.org\/{rel}","templated":true}]}}