{"id":44458,"date":"2013-05-23T14:15:30","date_gmt":"2013-05-23T17:15:30","guid":{"rendered":"http:\/\/www.redenoticia.com.br\/noticia\/?p=44458"},"modified":"2013-05-23T14:15:30","modified_gmt":"2013-05-23T17:15:30","slug":"programacao-da-virada-cultural-paulista","status":"publish","type":"post","link":"https:\/\/www.redenoticia.com.br\/noticia\/2013\/programacao-da-virada-cultural-paulista\/44458","title":{"rendered":"Programa\u00e7\u00e3o da Virada Cultural Paulista"},"content":{"rendered":"<p>A <em><strong>Virada Cultural Paulista<\/strong><\/em> chega \u00e0 7\u00aa edi\u00e7\u00e3o com o maior n\u00famero de atra\u00e7\u00f5es internacionais desde seu in\u00edcio, em 2007. Artistas vindos da Alemanha, Col\u00f4mbia, Chile, Estados Unidos, Inglaterra, Espanha, Fran\u00e7a e Portugal prometem encantar o p\u00fablico paulista com performances in\u00e9ditas e diversificadas.<\/p>\n<p>No maior evento cultural do interior paulista, ser\u00e3o 24h de atra\u00e7\u00f5es ininterruptas, a Virada Cultural Paulista, que acontece nos dias 25 e 26 de maio levar\u00e1 m\u00fasica, teatro, dan\u00e7a, arte circense e outras centenas de atividades culturais a 26 cidades.<\/p>\n<p>A m\u00fasica brasileira segue como a protagonista da Virada. Grandes expoentes da MPB, como Gal Costa e Gilberto Gil e representantes da nova gera\u00e7\u00e3o de m\u00fasicos como Criolo, Emicida, Tulipa Ruiz e Thiago Petit s\u00e3o alguns dos destaques da programa\u00e7\u00e3o musical.<\/p>\n<p>Pela primeira vez os munic\u00edpios de Registro e Mogi Mirim participam do evento que acontece durante 24 horas ininterruptas e contar\u00e1 tamb\u00e9m com apresenta\u00e7\u00f5es de stand up comedy, g\u00eanero que ganha cada vez mais espa\u00e7o no pa\u00eds. Comediantes da capital paulista e de outros estados estar\u00e3o presentes no evento, abrindo a programa\u00e7\u00e3o nos palcos externos de todas as cidades. O evento tem a parceria dos munic\u00edpios e do Sesc.\u00a0<a href=\"http:\/\/www.viradaculturalpaulista.sp.gov.br\/\" target=\"_blank\">Confira a programa\u00e7\u00e3o completa do evento.<\/a><\/p>\n<p>O Governo \u00e9 respons\u00e1vel por todos os custos de contrata\u00e7\u00e3o dos artistas, enquanto as prefeituras bancam o investimento da montagem de infraestrutura de palco, som e luz, al\u00e9m de garantirem a seguran\u00e7a e a limpeza nas \u00e1reas de espet\u00e1culo.<\/p>\n<p>Do Portal do Governo do Estado<\/p>\n","protected":false},"excerpt":{"rendered":"<p>A Virada Cultural Paulista chega \u00e0 7\u00aa edi\u00e7\u00e3o com o maior n\u00famero de atra\u00e7\u00f5es internacionais desde seu in\u00edcio, em 2007. Artistas vindos da Alemanha, Col\u00f4mbia, Chile, Estados Unidos, Inglaterra, Espanha, Fran\u00e7a e Portugal prometem encantar o p\u00fablico paulista com performances in\u00e9ditas e diversificadas. No maior evento cultural do interior paulista, ser\u00e3o 24h de atra\u00e7\u00f5es ininterruptas, [&hellip;]<\/p>\n","protected":false},"author":3,"featured_media":27918,"comment_status":"open","ping_status":"closed","sticky":false,"template":"","format":"standard","meta":{"_genesis_hide_title":false,"_genesis_hide_breadcrumbs":false,"_genesis_hide_singular_image":false,"_genesis_hide_footer_widgets":false,"_genesis_custom_body_class":"","_genesis_custom_post_class":"","_genesis_layout":"","_jetpack_memberships_contains_paid_content":false,"footnotes":""},"categories":[22],"tags":[],"class_list":{"0":"post-44458","1":"post","2":"type-post","3":"status-publish","4":"format-standard","5":"has-post-thumbnail","7":"category-brasil","8":"entry","9":"gs-1","10":"gs-odd","11":"gs-even","12":"gs-featured-content-entry"},"jetpack_featured_media_url":"https:\/\/www.redenoticia.com.br\/noticia\/imagens\/virada-cultural-sp-2010.jpg","jetpack_sharing_enabled":true,"jetpack_likes_enabled":true,"_links":{"self":[{"href":"https:\/\/www.redenoticia.com.br\/noticia\/wp-json\/wp\/v2\/posts\/44458","targetHints":{"allow":["GET"]}}],"collection":[{"href":"https:\/\/www.redenoticia.com.br\/noticia\/wp-json\/wp\/v2\/posts"}],"about":[{"href":"https:\/\/www.redenoticia.com.br\/noticia\/wp-json\/wp\/v2\/types\/post"}],"author":[{"embeddable":true,"href":"https:\/\/www.redenoticia.com.br\/noticia\/wp-json\/wp\/v2\/users\/3"}],"replies":[{"embeddable":true,"href":"https:\/\/www.redenoticia.com.br\/noticia\/wp-json\/wp\/v2\/comments?post=44458"}],"version-history":[{"count":0,"href":"https:\/\/www.redenoticia.com.br\/noticia\/wp-json\/wp\/v2\/posts\/44458\/revisions"}],"wp:featuredmedia":[{"embeddable":true,"href":"https:\/\/www.redenoticia.com.br\/noticia\/wp-json\/wp\/v2\/media\/27918"}],"wp:attachment":[{"href":"https:\/\/www.redenoticia.com.br\/noticia\/wp-json\/wp\/v2\/media?parent=44458"}],"wp:term":[{"taxonomy":"category","embeddable":true,"href":"https:\/\/www.redenoticia.com.br\/noticia\/wp-json\/wp\/v2\/categories?post=44458"},{"taxonomy":"post_tag","embeddable":true,"href":"https:\/\/www.redenoticia.com.br\/noticia\/wp-json\/wp\/v2\/tags?post=44458"}],"curies":[{"name":"wp","href":"https:\/\/api.w.org\/{rel}","templated":true}]}}