{"id":44455,"date":"2013-05-23T13:53:27","date_gmt":"2013-05-23T16:53:27","guid":{"rendered":"http:\/\/www.redenoticia.com.br\/noticia\/?p=44455"},"modified":"2013-05-23T13:53:27","modified_gmt":"2013-05-23T16:53:27","slug":"desemprego-fica-praticamente-estavel-e-chega-a-58-em-abril","status":"publish","type":"post","link":"https:\/\/www.redenoticia.com.br\/noticia\/2013\/desemprego-fica-praticamente-estavel-e-chega-a-58-em-abril\/44455","title":{"rendered":"Desemprego fica praticamente est\u00e1vel e chega a 5,8% em abril"},"content":{"rendered":"<p>Rio de Janeiro &#8211; O <em><strong>desemprego<\/strong><\/em> em abril chegou a 5,8% (1,4 milh\u00e3o de pessoas) nas seis regi\u00f5es metropolitanas investigadas pelo Instituto Brasileiro de Geografia e Estat\u00edstica (IBGE). A Pesquisa Mensal de Emprego, divulgada hoje (23) aponta que houve estabilidade tanto em rela\u00e7\u00e3o a mar\u00e7o (5,7%) quanto a abril do ano passado (6%). A taxa de desocupa\u00e7\u00e3o apresentou seu menor valor para um m\u00eas de abril desde o in\u00edcio da s\u00e9rie hist\u00f3rica, em 2002.<\/p>\n<p>A popula\u00e7\u00e3o ocupada (22,906 milh\u00f5es de pessoas) tamb\u00e9m n\u00e3o se alterou significativamente nas duas compara\u00e7\u00f5es. O n\u00famero de trabalhadores com Carteira de Trabalho assinada no setor privado ficou praticamente est\u00e1vel (11,452 milh\u00f5es de pessoas), ao registrar alta de 0,1% em rela\u00e7\u00e3o a mar\u00e7o passado. Em compara\u00e7\u00e3o com abril de 2012, o crescimento alcan\u00e7ou 3,1% \u2013 mais 342 mil postos de trabalho com carteira assinada em um ano.<\/p>\n<p>Ainda segundo o IBGE, o rendimento m\u00e9dio real habitual dos trabalhadores (R$ 1.862,40) manteve-se sem varia\u00e7\u00e3o significativa (-0,2%) na compara\u00e7\u00e3o com mar\u00e7o e cresceu 1,6% na compara\u00e7\u00e3o com abril de 2012.<\/p>\n<p>J\u00e1 a massa de rendimento m\u00e9dio real habitual dos ocupados (R$ 43 bilh\u00f5es) n\u00e3o variou em abril e, na compara\u00e7\u00e3o com mar\u00e7o, cresceu 2,4% em rela\u00e7\u00e3o a abril do ano passado.<\/p>\n<p>A Pesquisa Mensal de Emprego do IBGE \u00e9 feita nas regi\u00f5es metropolitanas de Recife, Salvador, Belo Horizonte, Rio de Janeiro, S\u00e3o Paulo e Porto Alegre.<\/p>\n<p>Fl\u00e1via Villela<br \/>\nRep\u00f3rter da Ag\u00eancia Brasil<br \/>\nEdi\u00e7\u00e3o: Talita Cavalcante<\/p>\n","protected":false},"excerpt":{"rendered":"<p>Rio de Janeiro &#8211; O desemprego em abril chegou a 5,8% (1,4 milh\u00e3o de pessoas) nas seis regi\u00f5es metropolitanas investigadas pelo Instituto Brasileiro de Geografia e Estat\u00edstica (IBGE). A Pesquisa Mensal de Emprego, divulgada hoje (23) aponta que houve estabilidade tanto em rela\u00e7\u00e3o a mar\u00e7o (5,7%) quanto a abril do ano passado (6%). A taxa [&hellip;]<\/p>\n","protected":false},"author":3,"featured_media":40636,"comment_status":"open","ping_status":"closed","sticky":false,"template":"","format":"standard","meta":{"_genesis_hide_title":false,"_genesis_hide_breadcrumbs":false,"_genesis_hide_singular_image":false,"_genesis_hide_footer_widgets":false,"_genesis_custom_body_class":"","_genesis_custom_post_class":"","_genesis_layout":"","_jetpack_memberships_contains_paid_content":false,"footnotes":""},"categories":[22,7],"tags":[],"class_list":{"0":"post-44455","1":"post","2":"type-post","3":"status-publish","4":"format-standard","5":"has-post-thumbnail","7":"category-brasil","8":"category-economia","9":"entry","10":"gs-1","11":"gs-odd","12":"gs-even","13":"gs-featured-content-entry"},"jetpack_featured_media_url":"https:\/\/www.redenoticia.com.br\/noticia\/imagens\/economia-analise.jpg","jetpack_sharing_enabled":true,"jetpack_likes_enabled":true,"_links":{"self":[{"href":"https:\/\/www.redenoticia.com.br\/noticia\/wp-json\/wp\/v2\/posts\/44455","targetHints":{"allow":["GET"]}}],"collection":[{"href":"https:\/\/www.redenoticia.com.br\/noticia\/wp-json\/wp\/v2\/posts"}],"about":[{"href":"https:\/\/www.redenoticia.com.br\/noticia\/wp-json\/wp\/v2\/types\/post"}],"author":[{"embeddable":true,"href":"https:\/\/www.redenoticia.com.br\/noticia\/wp-json\/wp\/v2\/users\/3"}],"replies":[{"embeddable":true,"href":"https:\/\/www.redenoticia.com.br\/noticia\/wp-json\/wp\/v2\/comments?post=44455"}],"version-history":[{"count":0,"href":"https:\/\/www.redenoticia.com.br\/noticia\/wp-json\/wp\/v2\/posts\/44455\/revisions"}],"wp:featuredmedia":[{"embeddable":true,"href":"https:\/\/www.redenoticia.com.br\/noticia\/wp-json\/wp\/v2\/media\/40636"}],"wp:attachment":[{"href":"https:\/\/www.redenoticia.com.br\/noticia\/wp-json\/wp\/v2\/media?parent=44455"}],"wp:term":[{"taxonomy":"category","embeddable":true,"href":"https:\/\/www.redenoticia.com.br\/noticia\/wp-json\/wp\/v2\/categories?post=44455"},{"taxonomy":"post_tag","embeddable":true,"href":"https:\/\/www.redenoticia.com.br\/noticia\/wp-json\/wp\/v2\/tags?post=44455"}],"curies":[{"name":"wp","href":"https:\/\/api.w.org\/{rel}","templated":true}]}}