{"id":44454,"date":"2013-05-23T13:51:21","date_gmt":"2013-05-23T16:51:21","guid":{"rendered":"http:\/\/www.redenoticia.com.br\/noticia\/?p=44454"},"modified":"2013-05-23T13:51:21","modified_gmt":"2013-05-23T16:51:21","slug":"indice-que-mede-inflacao-semanal-sobe-na-terceira-previa-de-maio","status":"publish","type":"post","link":"https:\/\/www.redenoticia.com.br\/noticia\/2013\/indice-que-mede-inflacao-semanal-sobe-na-terceira-previa-de-maio\/44454","title":{"rendered":"\u00cdndice que mede infla\u00e7\u00e3o semanal sobe na terceira pr\u00e9via de maio"},"content":{"rendered":"<p>S\u00e3o Paulo \u2013 O \u00cdndice de Pre\u00e7os ao Consumidor Semanal (<em><strong>IPC-S<\/strong><\/em>), medido pelo Instituto Brasileiro de Economia (Ibre) da Funda\u00e7\u00e3o Getulio Vargas (FGV) registrou alta na terceira pr\u00e9via de maio com taxa de 0,40%, ante 0,38% registrado na segunda pr\u00e9via. Cinco, dos oito grupos que comp\u00f5em o \u00edndice apresentaram aumentos, com destaque para a varia\u00e7\u00e3o de tarifas a\u00e9reas (de -10,25% para -3,41%), do grupo educa\u00e7\u00e3o, leitura e recrea\u00e7\u00e3o (de -0,06% para 0,28%), principal contribui\u00e7\u00e3o para o resultado.<\/p>\n<p>No grupo alimenta\u00e7\u00e3o, o \u00edndice passou de 0,51% para 0,54%. A principal contribui\u00e7\u00e3o foi do item frutas (de 2,07% para 3,85%). No grupo comunica\u00e7\u00e3o (de -0,25 para -0,04%), a varia\u00e7\u00e3o teve influ\u00eancia do recuo menos acentuado das tarifa de telefone residencial, que passou de -1,46% para -1,05%. O grupo vestu\u00e1rio tamb\u00e9m registrou alta (de 0,84% para 0,96%) como consequ\u00eancia da press\u00e3o vinda do item roupas (de 1,12% para 1,22%). O grupo despesas diversas (de 0,20% para 0,24%) variou motivado pela alta do item ra\u00e7\u00e3o animal (de 0,50% para 1,43%).<\/p>\n<p>Em movimento inverso, o grupo transportes apresentou redu\u00e7\u00e3o (de -0,07% para -0,15%) provocada pela tarifa de \u00f4nibus urbano (de -0,90% para -1,22%). Tamb\u00e9m contribu\u00edram para segurar o ritmo de avan\u00e7o inflacion\u00e1rio, os grupos habita\u00e7\u00e3o (de 0,27% para 0,24%), influenciado pela queda no valor da tarifa de eletricidade residencial (de -0,90% para -1,20%) e sa\u00fade e cuidados pessoais (1,35% para 1,26%) com destaque para os medicamentos em geral (de 2,89% para 2,59%).<\/p>\n<p>Os itens que mais influenciaram o aumento do IPC-S foram: as refei\u00e7\u00f5es em bares e restaurantes com eleva\u00e7\u00e3o semelhante \u00e0 registrada na apura\u00e7\u00e3o anterior (0,63%); leite tipo longa vida (de 3,75% para 3,91%); vasodilatador para press\u00e3o arterial (de 3,43% para 3,29%); aluguel residencial (de 0,46% para 0,53%) e plano e seguro de sa\u00fade, cuja varia\u00e7\u00e3o na terceira pr\u00e9via de maio foi igual a da segunda pr\u00e9via (0,63%).<\/p>\n<p>Marli Moreira<br \/>\nRep\u00f3rter da Ag\u00eancia Brasil<br \/>\nEdi\u00e7\u00e3o: Denise Griesinger<\/p>\n","protected":false},"excerpt":{"rendered":"<p>S\u00e3o Paulo \u2013 O \u00cdndice de Pre\u00e7os ao Consumidor Semanal (IPC-S), medido pelo Instituto Brasileiro de Economia (Ibre) da Funda\u00e7\u00e3o Getulio Vargas (FGV) registrou alta na terceira pr\u00e9via de maio com taxa de 0,40%, ante 0,38% registrado na segunda pr\u00e9via. Cinco, dos oito grupos que comp\u00f5em o \u00edndice apresentaram aumentos, com destaque para a varia\u00e7\u00e3o [&hellip;]<\/p>\n","protected":false},"author":3,"featured_media":34916,"comment_status":"open","ping_status":"closed","sticky":false,"template":"","format":"standard","meta":{"_genesis_hide_title":false,"_genesis_hide_breadcrumbs":false,"_genesis_hide_singular_image":false,"_genesis_hide_footer_widgets":false,"_genesis_custom_body_class":"","_genesis_custom_post_class":"","_genesis_layout":"","_jetpack_memberships_contains_paid_content":false,"footnotes":""},"categories":[22,7],"tags":[],"class_list":{"0":"post-44454","1":"post","2":"type-post","3":"status-publish","4":"format-standard","5":"has-post-thumbnail","7":"category-brasil","8":"category-economia","9":"entry","10":"gs-1","11":"gs-odd","12":"gs-even","13":"gs-featured-content-entry"},"jetpack_featured_media_url":"https:\/\/www.redenoticia.com.br\/noticia\/imagens\/inflacao.jpg","jetpack_sharing_enabled":true,"jetpack_likes_enabled":true,"_links":{"self":[{"href":"https:\/\/www.redenoticia.com.br\/noticia\/wp-json\/wp\/v2\/posts\/44454","targetHints":{"allow":["GET"]}}],"collection":[{"href":"https:\/\/www.redenoticia.com.br\/noticia\/wp-json\/wp\/v2\/posts"}],"about":[{"href":"https:\/\/www.redenoticia.com.br\/noticia\/wp-json\/wp\/v2\/types\/post"}],"author":[{"embeddable":true,"href":"https:\/\/www.redenoticia.com.br\/noticia\/wp-json\/wp\/v2\/users\/3"}],"replies":[{"embeddable":true,"href":"https:\/\/www.redenoticia.com.br\/noticia\/wp-json\/wp\/v2\/comments?post=44454"}],"version-history":[{"count":0,"href":"https:\/\/www.redenoticia.com.br\/noticia\/wp-json\/wp\/v2\/posts\/44454\/revisions"}],"wp:featuredmedia":[{"embeddable":true,"href":"https:\/\/www.redenoticia.com.br\/noticia\/wp-json\/wp\/v2\/media\/34916"}],"wp:attachment":[{"href":"https:\/\/www.redenoticia.com.br\/noticia\/wp-json\/wp\/v2\/media?parent=44454"}],"wp:term":[{"taxonomy":"category","embeddable":true,"href":"https:\/\/www.redenoticia.com.br\/noticia\/wp-json\/wp\/v2\/categories?post=44454"},{"taxonomy":"post_tag","embeddable":true,"href":"https:\/\/www.redenoticia.com.br\/noticia\/wp-json\/wp\/v2\/tags?post=44454"}],"curies":[{"name":"wp","href":"https:\/\/api.w.org\/{rel}","templated":true}]}}