{"id":44439,"date":"2013-05-22T13:26:59","date_gmt":"2013-05-22T16:26:59","guid":{"rendered":"http:\/\/www.redenoticia.com.br\/noticia\/?p=44439"},"modified":"2013-05-22T13:26:59","modified_gmt":"2013-05-22T16:26:59","slug":"reitores-de-portugal-esperam-que-governo-brasileiro-reveja-suspensao-de-bolsas-para-o-pais","status":"publish","type":"post","link":"https:\/\/www.redenoticia.com.br\/noticia\/2013\/reitores-de-portugal-esperam-que-governo-brasileiro-reveja-suspensao-de-bolsas-para-o-pais\/44439","title":{"rendered":"Reitores de Portugal esperam que governo brasileiro reveja suspens\u00e3o de bolsas para o pa\u00eds"},"content":{"rendered":"<p>Lisboa \u2013 O Conselho de Reitores das Universidades Portuguesas (Crup) divulgou nota lamentando a decis\u00e3o do governo brasileiro de suspender a concess\u00e3o de <em><strong>bolsas de estudos<\/strong><\/em> para alunos de gradua\u00e7\u00e3o do Programa Ci\u00eancia sem Fronteiras (PCsF) em institui\u00e7\u00f5es do pa\u00eds. O Crup equivale no Brasil \u00e0 Associa\u00e7\u00e3o Nacional dos Dirigentes das Institui\u00e7\u00f5es Federais de Ensino Superior (Andifes).<\/p>\n<p>Segundo a nota divulgada nessa ter\u00e7a-feira (21), a decis\u00e3o \u201cser\u00e1 corrigida a curto prazo\u201d e as universidades lusitanas \u201cpermanecer\u00e3o abertas a esses estudantes [brasileiros], continuando a acolh\u00ea-los com amizade\u201d.<\/p>\n<p>A decis\u00e3o de n\u00e3o enviar novos alunos para Portugal e remanejar os estudantes selecionados nos editais de 2013 foi tomada em mar\u00e7o. O objetivo \u00e9 \u201cestimular os jovens a falar mais uma l\u00edngua, a conhecer e ter compet\u00eancia espec\u00edfica em outras culturas\u201d, informou o ministro da Educa\u00e7\u00e3o Aloizio Mercadante, quando se reuniu naquele m\u00eas em Lisboa com o ministro da Educa\u00e7\u00e3o e Ci\u00eancia de Portugal, Nuno Crato.<\/p>\n<p>De acordo com a nota dos reitores lusitanos, os estudantes brasileiros de fato n\u00e3o v\u00e3o para Portugal \u201cpara aprender a l\u00edngua portuguesa, mas sim para frequentar e se graduar em institui\u00e7\u00f5es universit\u00e1rias do Espa\u00e7o Europeu de Ensino Superior, que aliam \u00e0 sua grande qualidade um acolhimento s\u00f3 poss\u00edvel por uma cultura e hist\u00f3ria partilhadas\u201d.<\/p>\n<p>Por causa do grande fluxo de estudantes e professores estrangeiros em Portugal, s\u00e3o comuns nas universidades do pa\u00eds aulas em l\u00ednguas estrangeiras. Existem, h\u00e1 mais de uma d\u00e9cada, cursos totalmente ministrados em ingl\u00eas.<\/p>\n<p>O reitor da Universidade de Coimbra, Jo\u00e3o Gabriel Silva, disse que em Portugal, assim como no Brasil, \u201ca l\u00edngua franca da ci\u00eancia e da tecnologia \u00e9 o ingl\u00eas\u201d e mesmo os estudantes de gradua\u00e7\u00e3o devem \u201cdominar\u201d o idioma por causa da bibliografia. Ele lembra que entre os pesquisadores do doutorado \u00e9 comum o uso de ingl\u00eas na produ\u00e7\u00e3o de artigos cient\u00edficos, na defesa de tese (com participa\u00e7\u00e3o de examinadores estrangeiros) e nos projetos de pesquisa feitos em coopera\u00e7\u00e3o internacional.<\/p>\n<p>A Universidade de Coimbra \u00e9 a institui\u00e7\u00e3o com maior n\u00famero de brasileiros em Portugal. O reitor da universidade disse \u00e0 Ag\u00eancia Brasil que a decis\u00e3o do governo brasileiro \u201cfoi recebida com alguma tristeza\u201d e com \u201csurpresa\u201d. Ele salientou que, para acolher estudantes brasileiros, o Servi\u00e7o de Estrangeiros e Fronteiras agilizou os procedimentos de visto.<\/p>\n<p>A suspens\u00e3o do programa para Portugal repercutiu fora do pa\u00eds e do Brasil. O secret\u00e1rio executivo da Comiss\u00e3o Econ\u00f4mica para \u00c1frica, Carlos Lopes, disse em uma confer\u00eancia na sede da Comunidade de Pa\u00edses de L\u00edngua Portuguesa (CPLP), em Lisboa, na semana passada, que o objetivo de for\u00e7ar a aprendizagem de outra l\u00edngua era \u201c\u00e9 louv\u00e1vel, mas n\u00e3o pode ser radicalizado\u201d.<\/p>\n<p>Gilberto Costa<br \/>\nCorrespondente da Ag\u00eancia Brasil\/EBC<\/p>\n<p>Edi\u00e7\u00e3o: Juliana Andrade<\/p>\n","protected":false},"excerpt":{"rendered":"<p>Lisboa \u2013 O Conselho de Reitores das Universidades Portuguesas (Crup) divulgou nota lamentando a decis\u00e3o do governo brasileiro de suspender a concess\u00e3o de bolsas de estudos para alunos de gradua\u00e7\u00e3o do Programa Ci\u00eancia sem Fronteiras (PCsF) em institui\u00e7\u00f5es do pa\u00eds. O Crup equivale no Brasil \u00e0 Associa\u00e7\u00e3o Nacional dos Dirigentes das Institui\u00e7\u00f5es Federais de Ensino [&hellip;]<\/p>\n","protected":false},"author":3,"featured_media":34767,"comment_status":"open","ping_status":"closed","sticky":false,"template":"","format":"standard","meta":{"_genesis_hide_title":false,"_genesis_hide_breadcrumbs":false,"_genesis_hide_singular_image":false,"_genesis_hide_footer_widgets":false,"_genesis_custom_body_class":"","_genesis_custom_post_class":"","_genesis_layout":"","_jetpack_memberships_contains_paid_content":false,"footnotes":""},"categories":[22],"tags":[],"class_list":{"0":"post-44439","1":"post","2":"type-post","3":"status-publish","4":"format-standard","5":"has-post-thumbnail","7":"category-brasil","8":"entry","9":"gs-1","10":"gs-odd","11":"gs-even","12":"gs-featured-content-entry"},"jetpack_featured_media_url":"https:\/\/www.redenoticia.com.br\/noticia\/imagens\/bolsa-de-estudo.jpg","jetpack_sharing_enabled":true,"jetpack_likes_enabled":true,"_links":{"self":[{"href":"https:\/\/www.redenoticia.com.br\/noticia\/wp-json\/wp\/v2\/posts\/44439","targetHints":{"allow":["GET"]}}],"collection":[{"href":"https:\/\/www.redenoticia.com.br\/noticia\/wp-json\/wp\/v2\/posts"}],"about":[{"href":"https:\/\/www.redenoticia.com.br\/noticia\/wp-json\/wp\/v2\/types\/post"}],"author":[{"embeddable":true,"href":"https:\/\/www.redenoticia.com.br\/noticia\/wp-json\/wp\/v2\/users\/3"}],"replies":[{"embeddable":true,"href":"https:\/\/www.redenoticia.com.br\/noticia\/wp-json\/wp\/v2\/comments?post=44439"}],"version-history":[{"count":0,"href":"https:\/\/www.redenoticia.com.br\/noticia\/wp-json\/wp\/v2\/posts\/44439\/revisions"}],"wp:featuredmedia":[{"embeddable":true,"href":"https:\/\/www.redenoticia.com.br\/noticia\/wp-json\/wp\/v2\/media\/34767"}],"wp:attachment":[{"href":"https:\/\/www.redenoticia.com.br\/noticia\/wp-json\/wp\/v2\/media?parent=44439"}],"wp:term":[{"taxonomy":"category","embeddable":true,"href":"https:\/\/www.redenoticia.com.br\/noticia\/wp-json\/wp\/v2\/categories?post=44439"},{"taxonomy":"post_tag","embeddable":true,"href":"https:\/\/www.redenoticia.com.br\/noticia\/wp-json\/wp\/v2\/tags?post=44439"}],"curies":[{"name":"wp","href":"https:\/\/api.w.org\/{rel}","templated":true}]}}