{"id":44437,"date":"2013-05-22T13:20:30","date_gmt":"2013-05-22T16:20:30","guid":{"rendered":"http:\/\/www.redenoticia.com.br\/noticia\/?p=44437"},"modified":"2013-05-22T13:20:30","modified_gmt":"2013-05-22T16:20:30","slug":"previa-da-inflacao-registrou-variacao-de-046","status":"publish","type":"post","link":"https:\/\/www.redenoticia.com.br\/noticia\/2013\/previa-da-inflacao-registrou-variacao-de-046\/44437","title":{"rendered":"Pr\u00e9via da infla\u00e7\u00e3o registrou varia\u00e7\u00e3o de 0,46%"},"content":{"rendered":"<p>Rio de Janeiro \u2013 A pr\u00e9via do \u00cdndice Nacional de Pre\u00e7os ao Consumidor Amplo (<em><strong>IPCA-15<\/strong><\/em>) registrou varia\u00e7\u00e3o de 0,46%, inferior \u00e0 varia\u00e7\u00e3o do \u00edndice de abril deste ano e de maio de 2012, ambas de 0,51%. Divulgado hoje (22) pelo Instituto Brasileiro de Geografia e Estat\u00edstica, o IPCA-15 mediu a varia\u00e7\u00e3o de pre\u00e7os de 13 de abril a 14 de maio, comparando-os com os 30 dias anteriores.<\/p>\n<p>Com a redu\u00e7\u00e3o, caiu o \u00edndice acumulado nos \u00faltimos doze meses, que era 6,51% em abril e passou para 6,46% em maio. A varia\u00e7\u00e3o acumulada no ano, no entanto, \u00e9 3,06%, superior aos 2,39% do mesmo per\u00edodo do ano passado.<\/p>\n<p>Foi registrada queda na varia\u00e7\u00e3o dos alimentos, que havia subido 1% em abril e desacelerou para 0,47% em maio. Alguns componentes desse grupo tiveram redu\u00e7\u00f5es acentuadas de pre\u00e7os, como o tomate (-12,42%) e o a\u00e7\u00facar refinado (-6,46%). J\u00e1 o feij\u00e3o carioca subiu 10,13%, seguido pela cebola (5,63%) e a batata inglesa (5,45%).<\/p>\n<p>A varia\u00e7\u00e3o do pre\u00e7o dos transportes tamb\u00e9m recuou de -0,01% para -0,03%. O maior impacto sobre o \u00edndice, no entanto, coube ao grupo sa\u00fade e cuidados pessoais, que havia variado 0,63% no IPCA-15 de abril e subiu para 1,30%, puxado pela alta dos rem\u00e9dios.<\/p>\n<p>A infla\u00e7\u00e3o nos medicamentos foi de 2,94% em maio, o triplo da registrada em abril, 0,93%. O motivo apontado pelo IBGE foi o reajuste vigente desde 4 de abril, que elevou em at\u00e9 6,31% o pre\u00e7o dos rem\u00e9dios. No ano, o subgrupo acumula alta de 4,18%.<\/p>\n<p>A varia\u00e7\u00e3o de pre\u00e7os tamb\u00e9m subiu nos grupos habita\u00e7\u00e3o, de 0,68% em abril para 0,72% em maio; vestu\u00e1rio, de 0,44% para 0,76%; e comunica\u00e7\u00e3o, de -0,09% para -0,06%.<\/p>\n<p>Vin\u00edcius Lisboa<br \/>\nRep\u00f3rter da Ag\u00eancia Brasil<br \/>\nEdi\u00e7\u00e3o: Denise Griesinger<\/p>\n","protected":false},"excerpt":{"rendered":"<p>Rio de Janeiro \u2013 A pr\u00e9via do \u00cdndice Nacional de Pre\u00e7os ao Consumidor Amplo (IPCA-15) registrou varia\u00e7\u00e3o de 0,46%, inferior \u00e0 varia\u00e7\u00e3o do \u00edndice de abril deste ano e de maio de 2012, ambas de 0,51%. Divulgado hoje (22) pelo Instituto Brasileiro de Geografia e Estat\u00edstica, o IPCA-15 mediu a varia\u00e7\u00e3o de pre\u00e7os de 13 [&hellip;]<\/p>\n","protected":false},"author":3,"featured_media":34916,"comment_status":"open","ping_status":"closed","sticky":false,"template":"","format":"standard","meta":{"_genesis_hide_title":false,"_genesis_hide_breadcrumbs":false,"_genesis_hide_singular_image":false,"_genesis_hide_footer_widgets":false,"_genesis_custom_body_class":"","_genesis_custom_post_class":"","_genesis_layout":"","_jetpack_memberships_contains_paid_content":false,"footnotes":""},"categories":[22,7],"tags":[],"class_list":{"0":"post-44437","1":"post","2":"type-post","3":"status-publish","4":"format-standard","5":"has-post-thumbnail","7":"category-brasil","8":"category-economia","9":"entry","10":"gs-1","11":"gs-odd","12":"gs-even","13":"gs-featured-content-entry"},"jetpack_featured_media_url":"https:\/\/www.redenoticia.com.br\/noticia\/imagens\/inflacao.jpg","jetpack_sharing_enabled":true,"jetpack_likes_enabled":true,"_links":{"self":[{"href":"https:\/\/www.redenoticia.com.br\/noticia\/wp-json\/wp\/v2\/posts\/44437","targetHints":{"allow":["GET"]}}],"collection":[{"href":"https:\/\/www.redenoticia.com.br\/noticia\/wp-json\/wp\/v2\/posts"}],"about":[{"href":"https:\/\/www.redenoticia.com.br\/noticia\/wp-json\/wp\/v2\/types\/post"}],"author":[{"embeddable":true,"href":"https:\/\/www.redenoticia.com.br\/noticia\/wp-json\/wp\/v2\/users\/3"}],"replies":[{"embeddable":true,"href":"https:\/\/www.redenoticia.com.br\/noticia\/wp-json\/wp\/v2\/comments?post=44437"}],"version-history":[{"count":0,"href":"https:\/\/www.redenoticia.com.br\/noticia\/wp-json\/wp\/v2\/posts\/44437\/revisions"}],"wp:featuredmedia":[{"embeddable":true,"href":"https:\/\/www.redenoticia.com.br\/noticia\/wp-json\/wp\/v2\/media\/34916"}],"wp:attachment":[{"href":"https:\/\/www.redenoticia.com.br\/noticia\/wp-json\/wp\/v2\/media?parent=44437"}],"wp:term":[{"taxonomy":"category","embeddable":true,"href":"https:\/\/www.redenoticia.com.br\/noticia\/wp-json\/wp\/v2\/categories?post=44437"},{"taxonomy":"post_tag","embeddable":true,"href":"https:\/\/www.redenoticia.com.br\/noticia\/wp-json\/wp\/v2\/tags?post=44437"}],"curies":[{"name":"wp","href":"https:\/\/api.w.org\/{rel}","templated":true}]}}