{"id":44436,"date":"2013-05-22T13:17:48","date_gmt":"2013-05-22T16:17:48","guid":{"rendered":"http:\/\/www.redenoticia.com.br\/noticia\/?p=44436"},"modified":"2013-05-22T13:17:48","modified_gmt":"2013-05-22T16:17:48","slug":"arquivo-na-unicamp-recebe-acervo-teatral","status":"publish","type":"post","link":"https:\/\/www.redenoticia.com.br\/noticia\/2013\/arquivo-na-unicamp-recebe-acervo-teatral\/44436","title":{"rendered":"Arquivo na Unicamp recebe acervo teatral"},"content":{"rendered":"<p>Ag\u00eancia FAPESP\u00a0\u2013 Mais de 500 cr\u00edticas teatrais, cerca de 1,2 mil fotos de espet\u00e1culos e 250 programas de pe\u00e7as dos anos 1960 e 1970 fazem parte do acervo do jornalista e poeta portugu\u00eas Jo\u00e3o Apolin\u00e1rio (1924-1988) entregue ao Arquivo Edgard Leuenroth (AEL) da Universidade Estadual de Campinas (<em><strong>Unicamp<\/strong><\/em>), que preserva registros dos mais diversos movimentos sociais ocorridos no Brasil.<\/p>\n<p>Apolin\u00e1rio foi redator e editor de variedades do jornal\u00a0\u00daltima Hora, em S\u00e3o Paulo. Durante o regime militar (1964-1985), escreveu sobre um teatro brasileiro que buscava construir uma identidade nacional em meio aos conflitos sociais e pol\u00edticos daquele per\u00edodo. Conviveu com uma reconhecida gera\u00e7\u00e3o de diretores, dramaturgos e atores, como Oduvaldo Viana Filho, Ademar Guerra, Gianfrancesco Guarnieri, Jos\u00e9 Celso Martinez, Augusto Boal, Pl\u00ednio Marcos, Eva Wilma e Raul Cortez.<\/p>\n<p>O material doado abrange o per\u00edodo de 1964 a 1974, segundo a organizadora do acervo, a professora de hist\u00f3ria Maria Luiza Teixeira Vasconcelos, vi\u00fava de Apolin\u00e1rio. Nos \u00faltimos cinco anos, ela conduziu um trabalho de recupera\u00e7\u00e3o da obra do cr\u00edtico teatral a partir do arquivo pessoal do jornalista e de pesquisas nos acervos e bancos de imagens do\u00a0\u00daltima Hora, que est\u00e3o no Arquivo P\u00fablico do Estado de S\u00e3o Paulo e com o jornal\u00a0Folha de S.Paulo.<\/p>\n<p>\u201cO papel do cr\u00edtico, para Apolin\u00e1rio, era formar um p\u00fablico atento, esclarecido sobre o espet\u00e1culo e com esp\u00edrito cr\u00edtico\u201d, disse Vasconcelos. O jornalista escreveu sobre os principais grupos teatrais desse per\u00edodo, entre outros, como o Teatro Brasileiro de Com\u00e9dia, o Teatro de Arena e o Teatro Oficina (cujo acervo, de 1958 a 1986, j\u00e1 est\u00e1 no AEL da Unicamp). Em 1975, com a queda do salazarismo (Revolu\u00e7\u00e3o dos Cravos), Apolin\u00e1rio voltou a viver em Portugal, onde morreu em 1988.<\/p>\n<p>\u201cEsse material comp\u00f5e uma importante tem\u00e1tica relacionada \u00e0 cultura do Brasil e complementar\u00e1 o acervo existente\u201d, disse a diretora t\u00e9cnica do AEL, Elaine Marques Zanatta, ao encontrar em uma das caixas o folheto da pe\u00e7a\u00a0O Rei da Vela em excelente estado de conserva\u00e7\u00e3o.<\/p>\n<p>A assinatura da doa\u00e7\u00e3o foi realizada em S\u00e3o Paulo no dia 15 de maio, quando do lan\u00e7amento do livro\u00a0A Cr\u00edtica de Jo\u00e3o Apolin\u00e1rio \u2013 mem\u00f3ria do teatro paulista de 1964 a 1971, volume 1 e 2, com cerca de 1,2 mil p\u00e1ginas, publicado pela editora Imagens. Tamb\u00e9m organizado por Vasconcelos, o livro re\u00fane cr\u00edticas e fotos dos espet\u00e1culos analisados por Apolin\u00e1rio de 1964 a 1971, mais um ap\u00eandice especial contendo os principais textos de 1971 a 1974.<\/p>\n<p>Mais informa\u00e7\u00f5es:\u00a0<a href=\"http:\/\/segall.ifch.unicamp.br\/site_ael\" target=\"_blank\">http:\/\/segall.ifch.unicamp.br\/site_ael<\/a><\/p>\n","protected":false},"excerpt":{"rendered":"<p>Ag\u00eancia FAPESP\u00a0\u2013 Mais de 500 cr\u00edticas teatrais, cerca de 1,2 mil fotos de espet\u00e1culos e 250 programas de pe\u00e7as dos anos 1960 e 1970 fazem parte do acervo do jornalista e poeta portugu\u00eas Jo\u00e3o Apolin\u00e1rio (1924-1988) entregue ao Arquivo Edgard Leuenroth (AEL) da Universidade Estadual de Campinas (Unicamp), que preserva registros dos mais diversos movimentos [&hellip;]<\/p>\n","protected":false},"author":3,"featured_media":37419,"comment_status":"open","ping_status":"closed","sticky":false,"template":"","format":"standard","meta":{"_genesis_hide_title":false,"_genesis_hide_breadcrumbs":false,"_genesis_hide_singular_image":false,"_genesis_hide_footer_widgets":false,"_genesis_custom_body_class":"","_genesis_custom_post_class":"","_genesis_layout":"","_jetpack_memberships_contains_paid_content":false,"footnotes":""},"categories":[22],"tags":[],"class_list":{"0":"post-44436","1":"post","2":"type-post","3":"status-publish","4":"format-standard","5":"has-post-thumbnail","7":"category-brasil","8":"entry","9":"gs-1","10":"gs-odd","11":"gs-even","12":"gs-featured-content-entry"},"jetpack_featured_media_url":"https:\/\/www.redenoticia.com.br\/noticia\/imagens\/computador-tecnologia.jpg","jetpack_sharing_enabled":true,"jetpack_likes_enabled":true,"_links":{"self":[{"href":"https:\/\/www.redenoticia.com.br\/noticia\/wp-json\/wp\/v2\/posts\/44436","targetHints":{"allow":["GET"]}}],"collection":[{"href":"https:\/\/www.redenoticia.com.br\/noticia\/wp-json\/wp\/v2\/posts"}],"about":[{"href":"https:\/\/www.redenoticia.com.br\/noticia\/wp-json\/wp\/v2\/types\/post"}],"author":[{"embeddable":true,"href":"https:\/\/www.redenoticia.com.br\/noticia\/wp-json\/wp\/v2\/users\/3"}],"replies":[{"embeddable":true,"href":"https:\/\/www.redenoticia.com.br\/noticia\/wp-json\/wp\/v2\/comments?post=44436"}],"version-history":[{"count":0,"href":"https:\/\/www.redenoticia.com.br\/noticia\/wp-json\/wp\/v2\/posts\/44436\/revisions"}],"wp:featuredmedia":[{"embeddable":true,"href":"https:\/\/www.redenoticia.com.br\/noticia\/wp-json\/wp\/v2\/media\/37419"}],"wp:attachment":[{"href":"https:\/\/www.redenoticia.com.br\/noticia\/wp-json\/wp\/v2\/media?parent=44436"}],"wp:term":[{"taxonomy":"category","embeddable":true,"href":"https:\/\/www.redenoticia.com.br\/noticia\/wp-json\/wp\/v2\/categories?post=44436"},{"taxonomy":"post_tag","embeddable":true,"href":"https:\/\/www.redenoticia.com.br\/noticia\/wp-json\/wp\/v2\/tags?post=44436"}],"curies":[{"name":"wp","href":"https:\/\/api.w.org\/{rel}","templated":true}]}}