{"id":44373,"date":"2013-05-17T14:18:29","date_gmt":"2013-05-17T17:18:29","guid":{"rendered":"http:\/\/www.redenoticia.com.br\/noticia\/?p=44373"},"modified":"2013-05-17T14:18:29","modified_gmt":"2013-05-17T17:18:29","slug":"feirao-da-casa-propria","status":"publish","type":"post","link":"https:\/\/www.redenoticia.com.br\/noticia\/2013\/feirao-da-casa-propria\/44373","title":{"rendered":"Feir\u00e3o da Casa Pr\u00f3pria"},"content":{"rendered":"<p>Bras\u00edlia \u2013 O 9\u00ba <em><strong>Feir\u00e3o Caixa da Casa Pr\u00f3pria<\/strong><\/em> come\u00e7a hoje (17) e vai at\u00e9 domingo (19) em Bras\u00edlia, Curitiba, Uberl\u00e2ndia, no Rio de Janeiro e em Salvador.<\/p>\n<p>Somente em Bras\u00edlia, ser\u00e3o oferecidos mais de 10.400 im\u00f3veis. Em todas as 13 cidades que v\u00e3o sediar a feira, a previs\u00e3o \u00e9 que o n\u00famero de im\u00f3veis oferecidos ao longo dos quatro fins de semana de realiza\u00e7\u00e3o do evento seja superior a 400 mil. A \u00faltima edi\u00e7\u00e3o registrou um p\u00fablico de 404 mil visitantes, com volume de mais de R$ 12 bilh\u00f5es em neg\u00f3cios assinados e encaminhados.<\/p>\n<p>Entre os dias 24 e 26 de maio, a feira ser\u00e1 realizada em Belo Horizonte, Porto Alegre e Florian\u00f3polis. Por \u00faltimo, de 14 a 16 de junho, Bel\u00e9m, Campinas e o Recife v\u00e3o promover o feir\u00e3o.<\/p>\n<p>O evento re\u00fane representantes de construtoras, corretores, cart\u00f3rios e t\u00e9cnicos da Caixa, respons\u00e1veis por analisar e autorizar os financiamentos. O cliente pode conhecer o im\u00f3vel, dar entrada na documenta\u00e7\u00e3o necess\u00e1ria ao financiamento e at\u00e9 fechar o neg\u00f3cio, segundo o banco.<\/p>\n<p>Para requerer o cr\u00e9dito para a casa pr\u00f3pria no feir\u00e3o, \u00e9 preciso levar documento de identidade, CPF e comprovante de renda. Os interessados tamb\u00e9m podem obter informa\u00e7\u00f5es nas ag\u00eancias da Caixa e pelo Servi\u00e7o de Atendimento ao Cliente (0800-726-0101), dispon\u00edvel 24 horas,\u00a0 inclusive nos fins de semana. \u00c9 poss\u00edvel ainda fazer simula\u00e7\u00f5es do cr\u00e9dito imobili\u00e1rio no endere\u00e7o\u00a0<a href=\"http:\/\/www.caixa.gov.br\/\" target=\"_blank\">www.caixa.gov.br<\/a>.<\/p>\n<p>Kelly Oliveira<br \/>\nRep\u00f3rter da Ag\u00eancia Brasil<br \/>\nEdi\u00e7\u00e3o: Gra\u00e7a Adjuto<\/p>\n","protected":false},"excerpt":{"rendered":"<p>Bras\u00edlia \u2013 O 9\u00ba Feir\u00e3o Caixa da Casa Pr\u00f3pria come\u00e7a hoje (17) e vai at\u00e9 domingo (19) em Bras\u00edlia, Curitiba, Uberl\u00e2ndia, no Rio de Janeiro e em Salvador. Somente em Bras\u00edlia, ser\u00e3o oferecidos mais de 10.400 im\u00f3veis. Em todas as 13 cidades que v\u00e3o sediar a feira, a previs\u00e3o \u00e9 que o n\u00famero de im\u00f3veis [&hellip;]<\/p>\n","protected":false},"author":3,"featured_media":34928,"comment_status":"open","ping_status":"closed","sticky":false,"template":"","format":"standard","meta":{"_genesis_hide_title":false,"_genesis_hide_breadcrumbs":false,"_genesis_hide_singular_image":false,"_genesis_hide_footer_widgets":false,"_genesis_custom_body_class":"","_genesis_custom_post_class":"","_genesis_layout":"","_jetpack_memberships_contains_paid_content":false,"footnotes":""},"categories":[22],"tags":[],"class_list":{"0":"post-44373","1":"post","2":"type-post","3":"status-publish","4":"format-standard","5":"has-post-thumbnail","7":"category-brasil","8":"entry","9":"gs-1","10":"gs-odd","11":"gs-even","12":"gs-featured-content-entry"},"jetpack_featured_media_url":"https:\/\/www.redenoticia.com.br\/noticia\/imagens\/caixa.jpg","jetpack_sharing_enabled":true,"jetpack_likes_enabled":true,"_links":{"self":[{"href":"https:\/\/www.redenoticia.com.br\/noticia\/wp-json\/wp\/v2\/posts\/44373","targetHints":{"allow":["GET"]}}],"collection":[{"href":"https:\/\/www.redenoticia.com.br\/noticia\/wp-json\/wp\/v2\/posts"}],"about":[{"href":"https:\/\/www.redenoticia.com.br\/noticia\/wp-json\/wp\/v2\/types\/post"}],"author":[{"embeddable":true,"href":"https:\/\/www.redenoticia.com.br\/noticia\/wp-json\/wp\/v2\/users\/3"}],"replies":[{"embeddable":true,"href":"https:\/\/www.redenoticia.com.br\/noticia\/wp-json\/wp\/v2\/comments?post=44373"}],"version-history":[{"count":0,"href":"https:\/\/www.redenoticia.com.br\/noticia\/wp-json\/wp\/v2\/posts\/44373\/revisions"}],"wp:featuredmedia":[{"embeddable":true,"href":"https:\/\/www.redenoticia.com.br\/noticia\/wp-json\/wp\/v2\/media\/34928"}],"wp:attachment":[{"href":"https:\/\/www.redenoticia.com.br\/noticia\/wp-json\/wp\/v2\/media?parent=44373"}],"wp:term":[{"taxonomy":"category","embeddable":true,"href":"https:\/\/www.redenoticia.com.br\/noticia\/wp-json\/wp\/v2\/categories?post=44373"},{"taxonomy":"post_tag","embeddable":true,"href":"https:\/\/www.redenoticia.com.br\/noticia\/wp-json\/wp\/v2\/tags?post=44373"}],"curies":[{"name":"wp","href":"https:\/\/api.w.org\/{rel}","templated":true}]}}