{"id":44292,"date":"2013-05-15T14:06:26","date_gmt":"2013-05-15T17:06:26","guid":{"rendered":"http:\/\/www.redenoticia.com.br\/noticia\/?p=44292"},"modified":"2013-05-15T14:06:26","modified_gmt":"2013-05-15T17:06:26","slug":"participacao-das-exportacoes-nas-vendas-industriais-brasileiras","status":"publish","type":"post","link":"https:\/\/www.redenoticia.com.br\/noticia\/2013\/participacao-das-exportacoes-nas-vendas-industriais-brasileiras\/44292","title":{"rendered":"Participa\u00e7\u00e3o das exporta\u00e7\u00f5es nas vendas industriais brasileiras"},"content":{"rendered":"<p>Bras\u00edlia \u2013 A participa\u00e7\u00e3o das <em><strong>exporta\u00e7\u00f5es nas vendas industriais<\/strong><\/em> caiu no primeiro trimestre do ano, indica pesquisa divulgada hoje (15) pela Confedera\u00e7\u00e3o Nacional da Ind\u00fastria (CNI). Segundo o levantamento, o \u00edndice ficou em 20,4%, no per\u00edodo, queda de 0,2 ponto percentual em rela\u00e7\u00e3o ao primeiro trimestre do ano passado.<\/p>\n<p>Os dados fazem parte da pesquisa Coeficientes de Abertura Comercial, que analisa os valores de exporta\u00e7\u00f5es, importa\u00e7\u00f5es e produ\u00e7\u00e3o industrial. De acordo com o estudo, a queda \u201cinterrompe uma trajet\u00f3ria de recupera\u00e7\u00e3o do indicador iniciada no terceiro trimestre de 2010\u201d.<\/p>\n<p>Entre os fatores impactantes para a redu\u00e7\u00e3o do percentual est\u00e3o a fraca demanda no mercado externo, a valoriza\u00e7\u00e3o do c\u00e2mbio e a queda dos pre\u00e7os de produtos exportados. Por meio de nota, o economista da CNI Marcelo Azevedo destacou que as \u201cmedidas adotadas pelo governo para desonera\u00e7\u00e3o da ind\u00fastria s\u00e3o insuficientes para contornar esse cen\u00e1rio e ainda adicionar ganhos de produtividade\u201d.<\/p>\n<p>A pesquisa tamb\u00e9m destaca que a participa\u00e7\u00e3o dos produtos industriais importados no mercado interno bateu recorde. Segundo o levantamento, o coeficiente de penetra\u00e7\u00e3o das importa\u00e7\u00f5es alcan\u00e7ou 22% no primeiro trimestre. O resultado supera em 0,4 ponto percentual o do trimestre anterior.<\/p>\n<p>Para o especialista, o resultado evidencia a perda de competitividade dos produtos industriais nacionais para os importados.<\/p>\n<p>A concorr\u00eancia com os produtos importados teve mais efeito na ind\u00fastria extrativa. A participa\u00e7\u00e3o dos importados nesse segmento cresceu 2,2 ponto percentual e registrou 47,2% no per\u00edodo. A ind\u00fastria de transforma\u00e7\u00e3o registrou 20,6% de participa\u00e7\u00e3o de importados no mercado dom\u00e9stico, uma alta de 0,3 ponto percentual em rela\u00e7\u00e3o ao \u00edndice anterior.<\/p>\n<p>Luciene Cruz<br \/>\nRep\u00f3rter da Ag\u00eancia Brasil<br \/>\nEdi\u00e7\u00e3o: Juliana Andrade<\/p>\n","protected":false},"excerpt":{"rendered":"<p>Bras\u00edlia \u2013 A participa\u00e7\u00e3o das exporta\u00e7\u00f5es nas vendas industriais caiu no primeiro trimestre do ano, indica pesquisa divulgada hoje (15) pela Confedera\u00e7\u00e3o Nacional da Ind\u00fastria (CNI). Segundo o levantamento, o \u00edndice ficou em 20,4%, no per\u00edodo, queda de 0,2 ponto percentual em rela\u00e7\u00e3o ao primeiro trimestre do ano passado. Os dados fazem parte da pesquisa [&hellip;]<\/p>\n","protected":false},"author":3,"featured_media":40734,"comment_status":"open","ping_status":"closed","sticky":false,"template":"","format":"standard","meta":{"_genesis_hide_title":false,"_genesis_hide_breadcrumbs":false,"_genesis_hide_singular_image":false,"_genesis_hide_footer_widgets":false,"_genesis_custom_body_class":"","_genesis_custom_post_class":"","_genesis_layout":"","_jetpack_memberships_contains_paid_content":false,"footnotes":""},"categories":[22,7],"tags":[],"class_list":{"0":"post-44292","1":"post","2":"type-post","3":"status-publish","4":"format-standard","5":"has-post-thumbnail","7":"category-brasil","8":"category-economia","9":"entry","10":"gs-1","11":"gs-odd","12":"gs-even","13":"gs-featured-content-entry"},"jetpack_featured_media_url":"https:\/\/www.redenoticia.com.br\/noticia\/imagens\/economia-resultados.jpg","jetpack_sharing_enabled":true,"jetpack_likes_enabled":true,"_links":{"self":[{"href":"https:\/\/www.redenoticia.com.br\/noticia\/wp-json\/wp\/v2\/posts\/44292","targetHints":{"allow":["GET"]}}],"collection":[{"href":"https:\/\/www.redenoticia.com.br\/noticia\/wp-json\/wp\/v2\/posts"}],"about":[{"href":"https:\/\/www.redenoticia.com.br\/noticia\/wp-json\/wp\/v2\/types\/post"}],"author":[{"embeddable":true,"href":"https:\/\/www.redenoticia.com.br\/noticia\/wp-json\/wp\/v2\/users\/3"}],"replies":[{"embeddable":true,"href":"https:\/\/www.redenoticia.com.br\/noticia\/wp-json\/wp\/v2\/comments?post=44292"}],"version-history":[{"count":0,"href":"https:\/\/www.redenoticia.com.br\/noticia\/wp-json\/wp\/v2\/posts\/44292\/revisions"}],"wp:featuredmedia":[{"embeddable":true,"href":"https:\/\/www.redenoticia.com.br\/noticia\/wp-json\/wp\/v2\/media\/40734"}],"wp:attachment":[{"href":"https:\/\/www.redenoticia.com.br\/noticia\/wp-json\/wp\/v2\/media?parent=44292"}],"wp:term":[{"taxonomy":"category","embeddable":true,"href":"https:\/\/www.redenoticia.com.br\/noticia\/wp-json\/wp\/v2\/categories?post=44292"},{"taxonomy":"post_tag","embeddable":true,"href":"https:\/\/www.redenoticia.com.br\/noticia\/wp-json\/wp\/v2\/tags?post=44292"}],"curies":[{"name":"wp","href":"https:\/\/api.w.org\/{rel}","templated":true}]}}