{"id":44253,"date":"2013-05-14T13:49:48","date_gmt":"2013-05-14T16:49:48","guid":{"rendered":"http:\/\/www.redenoticia.com.br\/noticia\/?p=44253"},"modified":"2013-05-14T13:49:48","modified_gmt":"2013-05-14T16:49:48","slug":"pms-farao-a-seguranca-da-virada-cultural-da-capital-sp","status":"publish","type":"post","link":"https:\/\/www.redenoticia.com.br\/noticia\/2013\/pms-farao-a-seguranca-da-virada-cultural-da-capital-sp\/44253","title":{"rendered":"PMs far\u00e3o a seguran\u00e7a da Virada Cultural da capital SP"},"content":{"rendered":"<p>A Pol\u00edcia Militar de S\u00e3o Paulo estar\u00e1 presente na <em><strong>Virada Cultural<\/strong><\/em> da capital, que acontece entre os dias 18 e 19 de maio. Nesta edi\u00e7\u00e3o, mais de 3.400 policiais v\u00e3o garantir a tranquilidade dos participantes.<\/p>\n<p>Confira as dicas da PM e aproveite o evento, que ter\u00e1\u00a0<a href=\"http:\/\/saopaulo.sp.gov.br\/spnoticias\/lenoticia.php?id=228629\" target=\"_blank\">programa\u00e7\u00e3o especial elaborada pela Secretaria de Estado da Cultura<\/a>.<\/p>\n<p>&#8211; Evite portar objetos de valor de forma ostensiva, procurando carregar apenas o necess\u00e1rio. Muita aten\u00e7\u00e3o com celulares, m\u00e1quinas fotogr\u00e1ficas, filmadoras.<\/p>\n<p>&#8211; Carregue apenas o dinheiro necess\u00e1rio para suas despesas (divida-o em mais de um bolso), um cart\u00e3o e o celular. Leve tudo preferencialmente nos bolsos da frente.<\/p>\n<p>&#8211; Se precisar fazer uso do celular, procure faz\u00ea-lo, pelo menos, de costas para uma parede. Isso porque sempre nos distra\u00edmos quando falamos ao telefone.<\/p>\n<p>&#8211; N\u00e3o efetue pagamentos com notas de alto valor, pois chamam a aten\u00e7\u00e3o.<\/p>\n<p>&#8211; De prefer\u00eancia, v\u00e1 com companhia e deixe combinado um local para o reencontro em caso de dispers\u00e3o.<\/p>\n<p>&#8211; Cuidado ao levar crian\u00e7a. Por precau\u00e7\u00e3o, identifique-a por meio de etiqueta ou pulseira com dados essenciais (nome,telefone de contato, nome do respons\u00e1vel). Caso ela se perca, pe\u00e7a para anunciarem no sistema de som.<\/p>\n<p>&#8211; Fa\u00e7a refei\u00e7\u00f5es leves e beba muita \u00e1gua. S\u00e3o comuns desmaios por desaten\u00e7\u00e3o a esse aspecto.<\/p>\n<p>&#8211; De prefer\u00eancia, utilize o transporte p\u00fablico. O metr\u00f4 ter\u00e1 programa\u00e7\u00e3o especial durante o evento. Se for com ve\u00edculo particular, evite deix\u00e1-lo na rua e procure estabelecimentos credenciados.<\/p>\n<p>&#8211; Beba com modera\u00e7\u00e3o. Se for dirigir, n\u00e3o beba.<\/p>\n<p>Do Portal do Governo do Estado<\/p>\n","protected":false},"excerpt":{"rendered":"<p>A Pol\u00edcia Militar de S\u00e3o Paulo estar\u00e1 presente na Virada Cultural da capital, que acontece entre os dias 18 e 19 de maio. Nesta edi\u00e7\u00e3o, mais de 3.400 policiais v\u00e3o garantir a tranquilidade dos participantes. Confira as dicas da PM e aproveite o evento, que ter\u00e1\u00a0programa\u00e7\u00e3o especial elaborada pela Secretaria de Estado da Cultura. &#8211; [&hellip;]<\/p>\n","protected":false},"author":3,"featured_media":27918,"comment_status":"open","ping_status":"closed","sticky":false,"template":"","format":"standard","meta":{"_genesis_hide_title":false,"_genesis_hide_breadcrumbs":false,"_genesis_hide_singular_image":false,"_genesis_hide_footer_widgets":false,"_genesis_custom_body_class":"","_genesis_custom_post_class":"","_genesis_layout":"","_jetpack_memberships_contains_paid_content":false,"footnotes":""},"categories":[22],"tags":[],"class_list":{"0":"post-44253","1":"post","2":"type-post","3":"status-publish","4":"format-standard","5":"has-post-thumbnail","7":"category-brasil","8":"entry","9":"gs-1","10":"gs-odd","11":"gs-even","12":"gs-featured-content-entry"},"jetpack_featured_media_url":"https:\/\/www.redenoticia.com.br\/noticia\/imagens\/virada-cultural-sp-2010.jpg","jetpack_sharing_enabled":true,"jetpack_likes_enabled":true,"_links":{"self":[{"href":"https:\/\/www.redenoticia.com.br\/noticia\/wp-json\/wp\/v2\/posts\/44253","targetHints":{"allow":["GET"]}}],"collection":[{"href":"https:\/\/www.redenoticia.com.br\/noticia\/wp-json\/wp\/v2\/posts"}],"about":[{"href":"https:\/\/www.redenoticia.com.br\/noticia\/wp-json\/wp\/v2\/types\/post"}],"author":[{"embeddable":true,"href":"https:\/\/www.redenoticia.com.br\/noticia\/wp-json\/wp\/v2\/users\/3"}],"replies":[{"embeddable":true,"href":"https:\/\/www.redenoticia.com.br\/noticia\/wp-json\/wp\/v2\/comments?post=44253"}],"version-history":[{"count":0,"href":"https:\/\/www.redenoticia.com.br\/noticia\/wp-json\/wp\/v2\/posts\/44253\/revisions"}],"wp:featuredmedia":[{"embeddable":true,"href":"https:\/\/www.redenoticia.com.br\/noticia\/wp-json\/wp\/v2\/media\/27918"}],"wp:attachment":[{"href":"https:\/\/www.redenoticia.com.br\/noticia\/wp-json\/wp\/v2\/media?parent=44253"}],"wp:term":[{"taxonomy":"category","embeddable":true,"href":"https:\/\/www.redenoticia.com.br\/noticia\/wp-json\/wp\/v2\/categories?post=44253"},{"taxonomy":"post_tag","embeddable":true,"href":"https:\/\/www.redenoticia.com.br\/noticia\/wp-json\/wp\/v2\/tags?post=44253"}],"curies":[{"name":"wp","href":"https:\/\/api.w.org\/{rel}","templated":true}]}}