{"id":44191,"date":"2013-05-10T14:11:08","date_gmt":"2013-05-10T17:11:08","guid":{"rendered":"http:\/\/www.redenoticia.com.br\/noticia\/?p=44191"},"modified":"2013-05-10T14:11:08","modified_gmt":"2013-05-10T17:11:08","slug":"lei-reduz-tempo-de-contribuicao-da-pessoa-com-deficiencia","status":"publish","type":"post","link":"https:\/\/www.redenoticia.com.br\/noticia\/2013\/lei-reduz-tempo-de-contribuicao-da-pessoa-com-deficiencia\/44191","title":{"rendered":"Lei reduz tempo de contribui\u00e7\u00e3o da pessoa com defici\u00eancia"},"content":{"rendered":"<p>Novas regras para a <em><strong>aposentadoria<\/strong><\/em> das pessoas com defici\u00eancia foram publicadas no Di\u00e1rio Oficial da Uni\u00e3o (DOU) dessa quinta-feira (9). A norma reduz o tempo de contribui\u00e7\u00e3o e a idade para a concess\u00e3o de aposentadoria, dependendo do grau de defici\u00eancia do segurado. O Poder Executivo ter\u00e1 o prazo de seis meses para regulamentar os detalhes e fazer os ajustes necess\u00e1rios para que a lei seja aplicada.<\/p>\n<p>A Lei Complementar no 142\/2013 define como pessoa com defici\u00eancia \u201caquela que tem impedimentos de longo prazo de natureza f\u00edsica, mental, intelectual ou sensorial, os quais, em intera\u00e7\u00e3o com diversas barreiras, podem obstruir sua participa\u00e7\u00e3o plena e efetiva na sociedade em igualdade de condi\u00e7\u00f5es com as demais pessoas\u201d.<\/p>\n<p>No caso de segurado com defici\u00eancia grave, a aposentadoria ser\u00e1 concedida ap\u00f3s 25 anos de tempo de contribui\u00e7\u00e3o para homens e 20 anos para mulheres. O tempo de contribui\u00e7\u00e3o passa para 29 anos para homens e 24 anos para mulheres no caso de segurado com defici\u00eancia moderada. Quando a defici\u00eancia for leve, o tempo de contribui\u00e7\u00e3o para a concess\u00e3o da aposentadoria \u00e9 de 33 anos para homens e 28 anos para mulheres.<\/p>\n<p>A lei define ainda que, independentemente do grau de defici\u00eancia, homens poder\u00e3o se aposentar aos 60 anos e, mulheres, aos 55 anos de idade, desde que cumprido tempo m\u00ednimo de contribui\u00e7\u00e3o de 15 anos e comprovada a exist\u00eancia de defici\u00eancia durante igual per\u00edodo. Regulamento do Poder Executivo definir\u00e1 as defici\u00eancias grave, moderada e leve. A avalia\u00e7\u00e3o da defici\u00eancia ser\u00e1 m\u00e9dica e funcional e o grau de defici\u00eancia ser\u00e1 atestado por per\u00edcia pr\u00f3pria do Instituto Nacional do Seguro Social (INSS).<\/p>\n","protected":false},"excerpt":{"rendered":"<p>Novas regras para a aposentadoria das pessoas com defici\u00eancia foram publicadas no Di\u00e1rio Oficial da Uni\u00e3o (DOU) dessa quinta-feira (9). A norma reduz o tempo de contribui\u00e7\u00e3o e a idade para a concess\u00e3o de aposentadoria, dependendo do grau de defici\u00eancia do segurado. O Poder Executivo ter\u00e1 o prazo de seis meses para regulamentar os detalhes [&hellip;]<\/p>\n","protected":false},"author":3,"featured_media":24050,"comment_status":"open","ping_status":"closed","sticky":false,"template":"","format":"standard","meta":{"_genesis_hide_title":false,"_genesis_hide_breadcrumbs":false,"_genesis_hide_singular_image":false,"_genesis_hide_footer_widgets":false,"_genesis_custom_body_class":"","_genesis_custom_post_class":"","_genesis_layout":"","_jetpack_memberships_contains_paid_content":false,"footnotes":""},"categories":[22,7],"tags":[],"class_list":{"0":"post-44191","1":"post","2":"type-post","3":"status-publish","4":"format-standard","5":"has-post-thumbnail","7":"category-brasil","8":"category-economia","9":"entry","10":"gs-1","11":"gs-odd","12":"gs-even","13":"gs-featured-content-entry"},"jetpack_featured_media_url":"https:\/\/www.redenoticia.com.br\/noticia\/imagens\/inss-pagamento-aposentadoria-beneficio-aposentados.jpg","jetpack_sharing_enabled":true,"jetpack_likes_enabled":true,"_links":{"self":[{"href":"https:\/\/www.redenoticia.com.br\/noticia\/wp-json\/wp\/v2\/posts\/44191","targetHints":{"allow":["GET"]}}],"collection":[{"href":"https:\/\/www.redenoticia.com.br\/noticia\/wp-json\/wp\/v2\/posts"}],"about":[{"href":"https:\/\/www.redenoticia.com.br\/noticia\/wp-json\/wp\/v2\/types\/post"}],"author":[{"embeddable":true,"href":"https:\/\/www.redenoticia.com.br\/noticia\/wp-json\/wp\/v2\/users\/3"}],"replies":[{"embeddable":true,"href":"https:\/\/www.redenoticia.com.br\/noticia\/wp-json\/wp\/v2\/comments?post=44191"}],"version-history":[{"count":0,"href":"https:\/\/www.redenoticia.com.br\/noticia\/wp-json\/wp\/v2\/posts\/44191\/revisions"}],"wp:featuredmedia":[{"embeddable":true,"href":"https:\/\/www.redenoticia.com.br\/noticia\/wp-json\/wp\/v2\/media\/24050"}],"wp:attachment":[{"href":"https:\/\/www.redenoticia.com.br\/noticia\/wp-json\/wp\/v2\/media?parent=44191"}],"wp:term":[{"taxonomy":"category","embeddable":true,"href":"https:\/\/www.redenoticia.com.br\/noticia\/wp-json\/wp\/v2\/categories?post=44191"},{"taxonomy":"post_tag","embeddable":true,"href":"https:\/\/www.redenoticia.com.br\/noticia\/wp-json\/wp\/v2\/tags?post=44191"}],"curies":[{"name":"wp","href":"https:\/\/api.w.org\/{rel}","templated":true}]}}