{"id":44135,"date":"2013-05-08T11:27:35","date_gmt":"2013-05-08T14:27:35","guid":{"rendered":"http:\/\/www.redenoticia.com.br\/noticia\/?p=44135"},"modified":"2013-05-08T11:27:35","modified_gmt":"2013-05-08T14:27:35","slug":"adaptacao-de-materiais-didaticos-para-a-tv-digital-interativa","status":"publish","type":"post","link":"https:\/\/www.redenoticia.com.br\/noticia\/2013\/adaptacao-de-materiais-didaticos-para-a-tv-digital-interativa\/44135","title":{"rendered":"Adapta\u00e7\u00e3o de materiais did\u00e1ticos para a tv digital interativa"},"content":{"rendered":"<p>Ao conceber o livro \u2018Roteiros educativos: a <em><strong>adapta\u00e7\u00e3o de materiais did\u00e1ticos para a tv digital interativa<\/strong><\/em>\u2018, Evaldo Aparecido de Abreu levou em conta o decreto que instituiu o Sistema Brasileiro de TV Digital (SBTVD), que lista entre os objetivos da tecnologia &#8220;propiciar a cria\u00e7\u00e3o de rede universal de educa\u00e7\u00e3o a dist\u00e2ncia&#8221;.<\/p>\n<p>Abreu estudou as atividades que deve desempenhar o profissional respons\u00e1vel por adequar material did\u00e1tico impresso, como livros e apostilas, em material audiovisual, mais especificamente para explorar a interatividade da TV.<\/p>\n<p>De todo o processo, o livro analisa a etapa da transforma\u00e7\u00e3o do conte\u00fado pedag\u00f3gico em produto audiovisual, chamado de &#8220;design instrucional&#8221;. Destaca ainda o papel que o coordenador geral dessa atividade deve desempenhar.<\/p>\n<p>A obra levanta quest\u00f5es como as caracter\u00edsticas tecnol\u00f3gicas da TV digital e do middleware Ginga, o software promotor da interatividade, e discute m\u00e9todos de adapta\u00e7\u00e3o do material did\u00e1tico para a TV digital. Inclui ainda reflex\u00f5es sobre a import\u00e2ncia da interatividade no desenvolvimento de projetos educacionais e sobre como estes podem contribuir para a melhoria da educa\u00e7\u00e3o brasileira.<\/p>\n<p>O livro integra a Cole\u00e7\u00e3o Propg Digital, parceria entre a Editora Unesp e a pr\u00f3-reitoria de P\u00f3s-gradua\u00e7\u00e3o da Unesp e sai com o selo Cultura Acad\u00eamica, bra\u00e7o editorial da Universidade.<br \/>\nDownload gratuito do livro<\/p>\n<p><a href=\"http:\/\/www.culturaacademica.com.br\/catalogo-detalhe.asp?ctl_id=333\" target=\"_blank\">http:\/\/www.culturaacademica.com.br\/catalogo-detalhe.asp?ctl_id=333<\/a><\/p>\n<p>Ou\u00e7a entrevista com o autor<br \/>\n<a href=\"http:\/\/podcast.unesp.br\/perfil-13042013-evaldo-aparecido-de-abreu-entrevista-1715\">http:\/\/podcast.unesp.br\/perfil-13042013-evaldo-aparecido-de-abreu-entrevista-1715<\/a><\/p>\n<p>O autor<br \/>\nEvaldo Aparecido de Abreu \u00e9 graduado em Comunica\u00e7\u00e3o Social e possui mestrado profissionalizante em TV Digital, ambos pela Unesp.<\/p>\n","protected":false},"excerpt":{"rendered":"<p>Ao conceber o livro \u2018Roteiros educativos: a adapta\u00e7\u00e3o de materiais did\u00e1ticos para a tv digital interativa\u2018, Evaldo Aparecido de Abreu levou em conta o decreto que instituiu o Sistema Brasileiro de TV Digital (SBTVD), que lista entre os objetivos da tecnologia &#8220;propiciar a cria\u00e7\u00e3o de rede universal de educa\u00e7\u00e3o a dist\u00e2ncia&#8221;. Abreu estudou as atividades [&hellip;]<\/p>\n","protected":false},"author":3,"featured_media":37419,"comment_status":"open","ping_status":"closed","sticky":false,"template":"","format":"standard","meta":{"_genesis_hide_title":false,"_genesis_hide_breadcrumbs":false,"_genesis_hide_singular_image":false,"_genesis_hide_footer_widgets":false,"_genesis_custom_body_class":"","_genesis_custom_post_class":"","_genesis_layout":"","_jetpack_memberships_contains_paid_content":false,"footnotes":""},"categories":[22],"tags":[],"class_list":{"0":"post-44135","1":"post","2":"type-post","3":"status-publish","4":"format-standard","5":"has-post-thumbnail","7":"category-brasil","8":"entry","9":"gs-1","10":"gs-odd","11":"gs-even","12":"gs-featured-content-entry"},"jetpack_featured_media_url":"https:\/\/www.redenoticia.com.br\/noticia\/imagens\/computador-tecnologia.jpg","jetpack_sharing_enabled":true,"jetpack_likes_enabled":true,"_links":{"self":[{"href":"https:\/\/www.redenoticia.com.br\/noticia\/wp-json\/wp\/v2\/posts\/44135","targetHints":{"allow":["GET"]}}],"collection":[{"href":"https:\/\/www.redenoticia.com.br\/noticia\/wp-json\/wp\/v2\/posts"}],"about":[{"href":"https:\/\/www.redenoticia.com.br\/noticia\/wp-json\/wp\/v2\/types\/post"}],"author":[{"embeddable":true,"href":"https:\/\/www.redenoticia.com.br\/noticia\/wp-json\/wp\/v2\/users\/3"}],"replies":[{"embeddable":true,"href":"https:\/\/www.redenoticia.com.br\/noticia\/wp-json\/wp\/v2\/comments?post=44135"}],"version-history":[{"count":0,"href":"https:\/\/www.redenoticia.com.br\/noticia\/wp-json\/wp\/v2\/posts\/44135\/revisions"}],"wp:featuredmedia":[{"embeddable":true,"href":"https:\/\/www.redenoticia.com.br\/noticia\/wp-json\/wp\/v2\/media\/37419"}],"wp:attachment":[{"href":"https:\/\/www.redenoticia.com.br\/noticia\/wp-json\/wp\/v2\/media?parent=44135"}],"wp:term":[{"taxonomy":"category","embeddable":true,"href":"https:\/\/www.redenoticia.com.br\/noticia\/wp-json\/wp\/v2\/categories?post=44135"},{"taxonomy":"post_tag","embeddable":true,"href":"https:\/\/www.redenoticia.com.br\/noticia\/wp-json\/wp\/v2\/tags?post=44135"}],"curies":[{"name":"wp","href":"https:\/\/api.w.org\/{rel}","templated":true}]}}