{"id":44134,"date":"2013-05-08T11:23:30","date_gmt":"2013-05-08T14:23:30","guid":{"rendered":"http:\/\/www.redenoticia.com.br\/noticia\/?p=44134"},"modified":"2013-05-08T11:23:30","modified_gmt":"2013-05-08T14:23:30","slug":"programa-para-estimular-o-esporte-nas-escolas","status":"publish","type":"post","link":"https:\/\/www.redenoticia.com.br\/noticia\/2013\/programa-para-estimular-o-esporte-nas-escolas\/44134","title":{"rendered":"Programa para estimular o esporte nas escolas"},"content":{"rendered":"<p>Para difundir a pr\u00e1tica esportiva entre os estudantes brasileiros, os minist\u00e9rios da Educa\u00e7\u00e3o, da Defesa e dos Esportes lan\u00e7aram na tarde desta ter\u00e7a-feira, 7, o programa <em><strong>Atleta na Escola<\/strong><\/em>. O programa de forma\u00e7\u00e3o esportiva escolar tem como meta a participa\u00e7\u00e3o de 5 milh\u00f5es de estudantes entre 12 e 17 anos de 20 mil escolas. Participaram da cerim\u00f4nia os ministros da Educa\u00e7\u00e3o, Aloizio Mercadante, e dos Esportes, Aldo Rebelo.<\/p>\n<p>O programa pretende democratizar o acesso ao esporte desde a escola, incentivar a pr\u00e1tica esportiva nas escolas e identificar e orientar jovens talentos escolares. O Atleta na Escola tamb\u00e9m tem como objetivo servir de base para o plano Brasil Medalhas, investimento de R$ 1 bilh\u00e3o em a\u00e7\u00f5es para que o pa\u00eds fique entre os dez melhores colocados nos Jogos Ol\u00edmpicos e Paraol\u00edmpicos do Rio de Janeiro em 2016.<\/p>\n<p>O Minist\u00e9rio da Educa\u00e7\u00e3o far\u00e1 repasse de recursos para a realiza\u00e7\u00e3o de competi\u00e7\u00f5es pelas escolas, munic\u00edpios, estados e Distrito Federal. Os recursos ser\u00e3o distribu\u00eddos por interm\u00e9dio do Programa Dinheiro Direto na Escola, operacionalizado pelo Fundo Nacional para o Desenvolvimento da Educa\u00e7\u00e3o (FNDE).<\/p>\n<p>De acordo com Mercadante, o esporte \u00e9 importante para a forma\u00e7\u00e3o dos estudantes e a escola \u00e9 um espa\u00e7o para o Brasil desenvolver o potencial esportivo. \u201cO programa come\u00e7a com corrida de velocidade e resist\u00eancia e salto em dist\u00e2ncia e depois ser\u00e3o incorporadas novas modalidades esportivas, para que n\u00f3s tenhamos condi\u00e7\u00e3o na escola para todos que quiserem fazer um esporte\u201d, disse o ministro.<\/p>\n<p>Jogos &#8211; Entre as a\u00e7\u00f5es propostas est\u00e1 a realiza\u00e7\u00e3o dos Jogos Escolares, que ser\u00e3o divididos em quatro etapas. A primeira fase ser\u00e1 realizada em cerca de 20 mil escolas at\u00e9 o dia 9 de julho. A segunda etapa, de 10 de junho a 31 de julho de 2013, ser\u00e1 realizada pelos munic\u00edpios com mais de 100 mil habitantes ou para um grupo de munic\u00edpios com menos 100 mil habitantes, pelos estados e Distrito Federal. Cada munic\u00edpio ou regi\u00e3o classifica 36 alunos, com totalizando 14.400 classificados. A terceira fase, at\u00e9 15 de agosto (12 a 14 anos) e 30 de setembro (15 a 17 anos), de car\u00e1ter estadual ou distrital, cada unidade da federa\u00e7\u00e3o classifica 24 alunos, totalizando 648 classificados para a etapa nacional.<\/p>\n<p>Os Jogos Escolares da Juventude, competi\u00e7\u00e3o nacional, ser\u00e1 realizada pelo Comit\u00ea Ol\u00edmpico Brasileiro. Para os estudantes de 12 a 14 anos, acontecer\u00e1 de 5 a 14 de Setembro de 2013, em Natal. Para faixa et\u00e1ria de 15 a 17 anos, a disputa ser\u00e1 realizada de 7 a 16 de Novembro de 2013, em Bel\u00e9m.<\/p>\n<p>Universidade &#8211; Durante a cerim\u00f4nia tamb\u00e9m foi assinado um decreto que institui um grupo de trabalho, com representantes dos tr\u00eas minist\u00e9rios, para a cria\u00e7\u00e3o da Universidade do Esporte. O objetivo \u00e9 criar ci\u00eancia para o desenvolvimento do esporte brasileiro, aproveitando as estruturas e equipamentos utilizados nos Jogos Ol\u00edmpicos do Rio de Janeiro.<\/p>\n<p>Diego Rocha<\/p>\n","protected":false},"excerpt":{"rendered":"<p>Para difundir a pr\u00e1tica esportiva entre os estudantes brasileiros, os minist\u00e9rios da Educa\u00e7\u00e3o, da Defesa e dos Esportes lan\u00e7aram na tarde desta ter\u00e7a-feira, 7, o programa Atleta na Escola. O programa de forma\u00e7\u00e3o esportiva escolar tem como meta a participa\u00e7\u00e3o de 5 milh\u00f5es de estudantes entre 12 e 17 anos de 20 mil escolas. Participaram [&hellip;]<\/p>\n","protected":false},"author":3,"featured_media":34858,"comment_status":"open","ping_status":"closed","sticky":false,"template":"","format":"standard","meta":{"_genesis_hide_title":false,"_genesis_hide_breadcrumbs":false,"_genesis_hide_singular_image":false,"_genesis_hide_footer_widgets":false,"_genesis_custom_body_class":"","_genesis_custom_post_class":"","_genesis_layout":"","_jetpack_memberships_contains_paid_content":false,"footnotes":""},"categories":[22],"tags":[],"class_list":{"0":"post-44134","1":"post","2":"type-post","3":"status-publish","4":"format-standard","5":"has-post-thumbnail","7":"category-brasil","8":"entry","9":"gs-1","10":"gs-odd","11":"gs-even","12":"gs-featured-content-entry"},"jetpack_featured_media_url":"https:\/\/www.redenoticia.com.br\/noticia\/imagens\/esporte2.jpg","jetpack_sharing_enabled":true,"jetpack_likes_enabled":true,"_links":{"self":[{"href":"https:\/\/www.redenoticia.com.br\/noticia\/wp-json\/wp\/v2\/posts\/44134","targetHints":{"allow":["GET"]}}],"collection":[{"href":"https:\/\/www.redenoticia.com.br\/noticia\/wp-json\/wp\/v2\/posts"}],"about":[{"href":"https:\/\/www.redenoticia.com.br\/noticia\/wp-json\/wp\/v2\/types\/post"}],"author":[{"embeddable":true,"href":"https:\/\/www.redenoticia.com.br\/noticia\/wp-json\/wp\/v2\/users\/3"}],"replies":[{"embeddable":true,"href":"https:\/\/www.redenoticia.com.br\/noticia\/wp-json\/wp\/v2\/comments?post=44134"}],"version-history":[{"count":0,"href":"https:\/\/www.redenoticia.com.br\/noticia\/wp-json\/wp\/v2\/posts\/44134\/revisions"}],"wp:featuredmedia":[{"embeddable":true,"href":"https:\/\/www.redenoticia.com.br\/noticia\/wp-json\/wp\/v2\/media\/34858"}],"wp:attachment":[{"href":"https:\/\/www.redenoticia.com.br\/noticia\/wp-json\/wp\/v2\/media?parent=44134"}],"wp:term":[{"taxonomy":"category","embeddable":true,"href":"https:\/\/www.redenoticia.com.br\/noticia\/wp-json\/wp\/v2\/categories?post=44134"},{"taxonomy":"post_tag","embeddable":true,"href":"https:\/\/www.redenoticia.com.br\/noticia\/wp-json\/wp\/v2\/tags?post=44134"}],"curies":[{"name":"wp","href":"https:\/\/api.w.org\/{rel}","templated":true}]}}