{"id":44133,"date":"2013-05-08T11:21:02","date_gmt":"2013-05-08T14:21:02","guid":{"rendered":"http:\/\/www.redenoticia.com.br\/noticia\/?p=44133"},"modified":"2013-05-13T15:52:27","modified_gmt":"2013-05-13T18:52:27","slug":"instituto-de-quimica-de-sao-carlos-seleciona-alunos-de-pos-graduacao","status":"publish","type":"post","link":"https:\/\/www.redenoticia.com.br\/noticia\/2013\/instituto-de-quimica-de-sao-carlos-seleciona-alunos-de-pos-graduacao\/44133","title":{"rendered":"Instituto de Qu\u00edmica de S\u00e3o Carlos seleciona alunos de p\u00f3s-gradua\u00e7\u00e3o"},"content":{"rendered":"<p>Ag\u00eancia FAPESP\u00a0\u2013 O programa de p\u00f3s-gradua\u00e7\u00e3o em Qu\u00edmica do Instituto de Qu\u00edmica de S\u00e3o Carlos da Universidade de S\u00e3o Paulo (IQSC-USP) recebe at\u00e9 6 de junho as<em><strong> inscri\u00e7\u00f5es<\/strong><\/em> para o processo seletivo de ingresso nos cursos de mestrado e doutorado no segundo semestre de 2013.<\/p>\n<p>Os cursos s\u00e3o oferecidos nas \u00e1reas de F\u00edsico-Qu\u00edmica, Qu\u00edmica Anal\u00edtica e Inorg\u00e2nica e Qu\u00edmica Org\u00e2nica e Biol\u00f3gica.<\/p>\n<p>As inscri\u00e7\u00f5es devem ser feitas pelo site e a documenta\u00e7\u00e3o pode ser encaminhada por\u00a0meio eletr\u00f4nico. A prova ocorrer\u00e1 no dia 18 de junho e ser\u00e1 feita em v\u00e1rias cidades brasileiras, al\u00e9m de S\u00e3o Carlos, entre elas Ponta Grossa, no Paran\u00e1, Cuiab\u00e1, no Mato Grosso, e Arapiraca, em Alagoas. A prova tamb\u00e9m ser\u00e1 realizada no exterior &#8212; na Col\u00f4mbia, no Peru e no Chile.<\/p>\n<p>N\u00e3o h\u00e1 taxa de inscri\u00e7\u00e3o para o processo seletivo. O interessado pode se candidatar para o curso de mestrado, doutorado ou doutorado direto.<\/p>\n<p>Os candidatos ao doutorado direto ter\u00e3o o\u00a0Curriculum Lattes\u00a0e o hist\u00f3rico escolar analisados e far\u00e3o uma prova escrita.\u00a0O candidato que possuir t\u00edtulo de mestre sem validade nacional e n\u00e3o desejar concorrer a uma bolsa institucional ser\u00e1 dispensado da prova.<\/p>\n<p>A classifica\u00e7\u00e3o dos candidatos aprovados ser\u00e1 divulgada no endere\u00e7o http:\/\/spgr.iqsc.usp.br at\u00e9 o dia 2 de julho de 2013. As aulas come\u00e7am em 12 de agosto.<\/p>\n<p>O edital completo poder ser visualizado no site\u00a0<a href=\"http:\/\/spgr.iqsc.usp.br\/\" target=\"_blank\">http:\/\/spgr.iqsc.usp.br\/<\/a>. Maiores informa\u00e7\u00f5es: (16) 3373-9909 ou e-mail spgr@iqsc.usp.br.<\/p>\n","protected":false},"excerpt":{"rendered":"<p>Ag\u00eancia FAPESP\u00a0\u2013 O programa de p\u00f3s-gradua\u00e7\u00e3o em Qu\u00edmica do Instituto de Qu\u00edmica de S\u00e3o Carlos da Universidade de S\u00e3o Paulo (IQSC-USP) recebe at\u00e9 6 de junho as inscri\u00e7\u00f5es para o processo seletivo de ingresso nos cursos de mestrado e doutorado no segundo semestre de 2013. Os cursos s\u00e3o oferecidos nas \u00e1reas de F\u00edsico-Qu\u00edmica, Qu\u00edmica Anal\u00edtica [&hellip;]<\/p>\n","protected":false},"author":3,"featured_media":35036,"comment_status":"open","ping_status":"closed","sticky":false,"template":"","format":"standard","meta":{"_genesis_hide_title":false,"_genesis_hide_breadcrumbs":false,"_genesis_hide_singular_image":false,"_genesis_hide_footer_widgets":false,"_genesis_custom_body_class":"","_genesis_custom_post_class":"","_genesis_layout":"","_jetpack_memberships_contains_paid_content":false,"footnotes":""},"categories":[22,351,370],"tags":[],"class_list":{"0":"post-44133","1":"post","2":"type-post","3":"status-publish","4":"format-standard","5":"has-post-thumbnail","7":"category-brasil","8":"category-cursos","9":"category-inscricao","10":"entry","11":"gs-1","12":"gs-odd","13":"gs-even","14":"gs-featured-content-entry"},"jetpack_featured_media_url":"https:\/\/www.redenoticia.com.br\/noticia\/imagens\/aluno-curso-estudante.jpg","jetpack_sharing_enabled":true,"jetpack_likes_enabled":true,"_links":{"self":[{"href":"https:\/\/www.redenoticia.com.br\/noticia\/wp-json\/wp\/v2\/posts\/44133","targetHints":{"allow":["GET"]}}],"collection":[{"href":"https:\/\/www.redenoticia.com.br\/noticia\/wp-json\/wp\/v2\/posts"}],"about":[{"href":"https:\/\/www.redenoticia.com.br\/noticia\/wp-json\/wp\/v2\/types\/post"}],"author":[{"embeddable":true,"href":"https:\/\/www.redenoticia.com.br\/noticia\/wp-json\/wp\/v2\/users\/3"}],"replies":[{"embeddable":true,"href":"https:\/\/www.redenoticia.com.br\/noticia\/wp-json\/wp\/v2\/comments?post=44133"}],"version-history":[{"count":0,"href":"https:\/\/www.redenoticia.com.br\/noticia\/wp-json\/wp\/v2\/posts\/44133\/revisions"}],"wp:featuredmedia":[{"embeddable":true,"href":"https:\/\/www.redenoticia.com.br\/noticia\/wp-json\/wp\/v2\/media\/35036"}],"wp:attachment":[{"href":"https:\/\/www.redenoticia.com.br\/noticia\/wp-json\/wp\/v2\/media?parent=44133"}],"wp:term":[{"taxonomy":"category","embeddable":true,"href":"https:\/\/www.redenoticia.com.br\/noticia\/wp-json\/wp\/v2\/categories?post=44133"},{"taxonomy":"post_tag","embeddable":true,"href":"https:\/\/www.redenoticia.com.br\/noticia\/wp-json\/wp\/v2\/tags?post=44133"}],"curies":[{"name":"wp","href":"https:\/\/api.w.org\/{rel}","templated":true}]}}