{"id":44106,"date":"2013-05-06T10:43:47","date_gmt":"2013-05-06T13:43:47","guid":{"rendered":"http:\/\/www.redenoticia.com.br\/noticia\/?p=44106"},"modified":"2013-05-08T13:49:39","modified_gmt":"2013-05-08T16:49:39","slug":"inscricoes-para-programas-de-cooperacao-com-a-holanda","status":"publish","type":"post","link":"https:\/\/www.redenoticia.com.br\/noticia\/2013\/inscricoes-para-programas-de-cooperacao-com-a-holanda\/44106","title":{"rendered":"Inscri\u00e7\u00f5es para programas de coopera\u00e7\u00e3o com a Holanda"},"content":{"rendered":"<p>A Coordena\u00e7\u00e3o de Aperfei\u00e7oamento de Pessoal de N\u00edvel Superior (<em><strong>Capes<\/strong><\/em>) divulgou a prorroga\u00e7\u00e3o dos prazos de inscri\u00e7\u00f5es de duas iniciativas de coopera\u00e7\u00e3o internacional com a Holanda: os programas Branetec e Capes\/Nuffic. As inscri\u00e7\u00f5es s\u00e3o gratuitas, devem ser realizadas exclusivamente via internet, e v\u00e3o at\u00e9 13 de maio.<\/p>\n<p>O Branetec tem como objetivo apoiar projetos de parcerias institucionais universit\u00e1rias, exclusivamente em n\u00edvel de gradua\u00e7\u00e3o, para fomentar o interc\u00e2mbio acad\u00eamico no Brasil e na Holanda e estimular a aproxima\u00e7\u00e3o das estruturas curriculares. As propostas selecionadas ser\u00e3o beneficiadas com miss\u00f5es de trabalho, de estudo e recursos de custeio. A publica\u00e7\u00e3o dos resultados est\u00e1 prevista para julho. O Branetec faz parte do Ci\u00eancia sem Fronteiras, iniciativa do governo federal que busca promover a consolida\u00e7\u00e3o, expans\u00e3o e internacionaliza\u00e7\u00e3o da ci\u00eancia e tecnologia e da competitividade brasileira por meio do interc\u00e2mbio de alunos de gradua\u00e7\u00e3o e p\u00f3s-gradua\u00e7\u00e3o.<\/p>\n<p>J\u00e1 o Capes\/Nuffic selecionar\u00e1 projetos conjuntos de pesquisa em todas as \u00e1reas do conhecimento com vistas ao interc\u00e2mbio cient\u00edfico entre Institui\u00e7\u00f5es de Ensino Superior do Brasil e da Holanda. A previs\u00e3o \u00e9 de que sejam selecionados at\u00e9 20 projetos, com o in\u00edcio das atividades em 2013, podendo o quantitativo ser alterado mediante interesse das duas ag\u00eancias e disponibilidade or\u00e7ament\u00e1ria.<\/p>\n<p>Acesse os editais em\u00a0<a href=\"http:\/\/www.capes.gov.br\/\" target=\"_blank\">www.capes.gov.br<\/a><\/p>\n","protected":false},"excerpt":{"rendered":"<p>A Coordena\u00e7\u00e3o de Aperfei\u00e7oamento de Pessoal de N\u00edvel Superior (Capes) divulgou a prorroga\u00e7\u00e3o dos prazos de inscri\u00e7\u00f5es de duas iniciativas de coopera\u00e7\u00e3o internacional com a Holanda: os programas Branetec e Capes\/Nuffic. As inscri\u00e7\u00f5es s\u00e3o gratuitas, devem ser realizadas exclusivamente via internet, e v\u00e3o at\u00e9 13 de maio. O Branetec tem como objetivo apoiar projetos de [&hellip;]<\/p>\n","protected":false},"author":3,"featured_media":36246,"comment_status":"open","ping_status":"closed","sticky":false,"template":"","format":"standard","meta":{"_genesis_hide_title":false,"_genesis_hide_breadcrumbs":false,"_genesis_hide_singular_image":false,"_genesis_hide_footer_widgets":false,"_genesis_custom_body_class":"","_genesis_custom_post_class":"","_genesis_layout":"","_jetpack_memberships_contains_paid_content":false,"footnotes":""},"categories":[22,351,370],"tags":[],"class_list":{"0":"post-44106","1":"post","2":"type-post","3":"status-publish","4":"format-standard","5":"has-post-thumbnail","7":"category-brasil","8":"category-cursos","9":"category-inscricao","10":"entry","11":"gs-1","12":"gs-odd","13":"gs-even","14":"gs-featured-content-entry"},"jetpack_featured_media_url":"https:\/\/www.redenoticia.com.br\/noticia\/imagens\/professor-a.jpg","jetpack_sharing_enabled":true,"jetpack_likes_enabled":true,"_links":{"self":[{"href":"https:\/\/www.redenoticia.com.br\/noticia\/wp-json\/wp\/v2\/posts\/44106","targetHints":{"allow":["GET"]}}],"collection":[{"href":"https:\/\/www.redenoticia.com.br\/noticia\/wp-json\/wp\/v2\/posts"}],"about":[{"href":"https:\/\/www.redenoticia.com.br\/noticia\/wp-json\/wp\/v2\/types\/post"}],"author":[{"embeddable":true,"href":"https:\/\/www.redenoticia.com.br\/noticia\/wp-json\/wp\/v2\/users\/3"}],"replies":[{"embeddable":true,"href":"https:\/\/www.redenoticia.com.br\/noticia\/wp-json\/wp\/v2\/comments?post=44106"}],"version-history":[{"count":0,"href":"https:\/\/www.redenoticia.com.br\/noticia\/wp-json\/wp\/v2\/posts\/44106\/revisions"}],"wp:featuredmedia":[{"embeddable":true,"href":"https:\/\/www.redenoticia.com.br\/noticia\/wp-json\/wp\/v2\/media\/36246"}],"wp:attachment":[{"href":"https:\/\/www.redenoticia.com.br\/noticia\/wp-json\/wp\/v2\/media?parent=44106"}],"wp:term":[{"taxonomy":"category","embeddable":true,"href":"https:\/\/www.redenoticia.com.br\/noticia\/wp-json\/wp\/v2\/categories?post=44106"},{"taxonomy":"post_tag","embeddable":true,"href":"https:\/\/www.redenoticia.com.br\/noticia\/wp-json\/wp\/v2\/tags?post=44106"}],"curies":[{"name":"wp","href":"https:\/\/api.w.org\/{rel}","templated":true}]}}