{"id":44086,"date":"2013-05-05T17:57:42","date_gmt":"2013-05-05T20:57:42","guid":{"rendered":"http:\/\/www.redenoticia.com.br\/noticia\/?p=44086"},"modified":"2013-05-05T20:01:09","modified_gmt":"2013-05-05T23:01:09","slug":"ministerio-do-turismo-aprova-32-projetos-de-apoio-a-eventos-em-2013","status":"publish","type":"post","link":"https:\/\/www.redenoticia.com.br\/noticia\/2013\/ministerio-do-turismo-aprova-32-projetos-de-apoio-a-eventos-em-2013\/44086","title":{"rendered":"Minist\u00e9rio do Turismo aprova 32 projetos de apoio a eventos em 2013"},"content":{"rendered":"<p>Em resultado preliminar, a Secretaria Nacional de Pol\u00edticas de <em><strong>Turismo<\/strong><\/em> do MTur aprovou 32 projetos de apoio a eventos que contribuem para o fortalecimento e o desenvolvimento do setor. Os projetos somam R$ 6,1 milh\u00f5es e contemplam todas as regi\u00f5es brasileiras em 2013. O prazo para apresenta\u00e7\u00e3o de recursos de contesta\u00e7\u00e3o do resultado termina hoje (03.05). O resultado final ser\u00e1 divulgado na pr\u00f3xima segunda-feira (06.05).<\/p>\n<p>O edital de chamada p\u00fablica n\u00ba 01\/2013 ofereceu apoio a at\u00e9 65 eventos por macrorregi\u00e3o (Norte, Nordeste, Sul, Sudeste e Centro Oeste), com valores entre R$ 100 mil e R$ 400 mil. A publica\u00e7\u00e3o ocorreu em 26 de mar\u00e7o, e o prazo para a apresenta\u00e7\u00e3o de projetos terminou em 14 de abril. Os crit\u00e9rios para apoio aos eventos constam da Portaria do MTur n\u00ba 112, de 9 de mar\u00e7o de 2012, modificados pela Portaria 27, de 31 de janeiro de 2013.<\/p>\n<p>Ao todo, a SNPTur recebeu 713 projetos, dos quais 542 foram inabilitados por falta de documentos. Das 171 propostas que passaram por an\u00e1lise da Comiss\u00e3o de Sele\u00e7\u00e3o, 67 foram inabilitadas por documenta\u00e7\u00e3o incompleta e 23 rejeitadas por n\u00e3o integrar o Mapa de Regionaliza\u00e7\u00e3o do Turismo. A comiss\u00e3o analisou efetivamente 81 propostas, das quais 43 foram desclassificadas, porque n\u00e3o obtiveram a pontua\u00e7\u00e3o devida. Das 38 aprovadas, seis foram exclu\u00eddas, porque a quantidade m\u00e1xima de propostas por macrorregi\u00e3o j\u00e1 havia sido atingida.<\/p>\n<p>As regi\u00f5es Sul e Centro Oeste foram as que obtiveram maior n\u00famero de propostas aprovadas: nove, cada. Em seguida vieram Sudeste (7), Nordeste (5) e Norte (2). Os eventos apoiados s\u00e3o os considerados, de acordo com a Portaria 112 e suas modifica\u00e7\u00f5es, \u201cde car\u00e1ter tradicional e de not\u00f3rio conhecimento popular, que comprovadamente contribuam para promo\u00e7\u00e3o e fomento da atividade tur\u00edstica do destino\u201d. Veja aqui o resultado preliminar da chamada p\u00fablica: <a href=\"http:\/\/www.turismo.gov.br\/turismo\/programas_acoes\/chamada_publica2013.html\" target=\"_blank\">www.turismo.gov.br<\/a>.<\/p>\n","protected":false},"excerpt":{"rendered":"<p>Em resultado preliminar, a Secretaria Nacional de Pol\u00edticas de Turismo do MTur aprovou 32 projetos de apoio a eventos que contribuem para o fortalecimento e o desenvolvimento do setor. Os projetos somam R$ 6,1 milh\u00f5es e contemplam todas as regi\u00f5es brasileiras em 2013. O prazo para apresenta\u00e7\u00e3o de recursos de contesta\u00e7\u00e3o do resultado termina hoje [&hellip;]<\/p>\n","protected":false},"author":3,"featured_media":40787,"comment_status":"open","ping_status":"closed","sticky":false,"template":"","format":"standard","meta":{"_genesis_hide_title":false,"_genesis_hide_breadcrumbs":false,"_genesis_hide_singular_image":false,"_genesis_hide_footer_widgets":false,"_genesis_custom_body_class":"","_genesis_custom_post_class":"","_genesis_layout":"","_jetpack_memberships_contains_paid_content":false,"footnotes":""},"categories":[22],"tags":[],"class_list":{"0":"post-44086","1":"post","2":"type-post","3":"status-publish","4":"format-standard","5":"has-post-thumbnail","7":"category-brasil","8":"entry","9":"gs-1","10":"gs-odd","11":"gs-even","12":"gs-featured-content-entry"},"jetpack_featured_media_url":"https:\/\/www.redenoticia.com.br\/noticia\/imagens\/Brasil-incra1.jpg","jetpack_sharing_enabled":true,"jetpack_likes_enabled":true,"_links":{"self":[{"href":"https:\/\/www.redenoticia.com.br\/noticia\/wp-json\/wp\/v2\/posts\/44086","targetHints":{"allow":["GET"]}}],"collection":[{"href":"https:\/\/www.redenoticia.com.br\/noticia\/wp-json\/wp\/v2\/posts"}],"about":[{"href":"https:\/\/www.redenoticia.com.br\/noticia\/wp-json\/wp\/v2\/types\/post"}],"author":[{"embeddable":true,"href":"https:\/\/www.redenoticia.com.br\/noticia\/wp-json\/wp\/v2\/users\/3"}],"replies":[{"embeddable":true,"href":"https:\/\/www.redenoticia.com.br\/noticia\/wp-json\/wp\/v2\/comments?post=44086"}],"version-history":[{"count":0,"href":"https:\/\/www.redenoticia.com.br\/noticia\/wp-json\/wp\/v2\/posts\/44086\/revisions"}],"wp:featuredmedia":[{"embeddable":true,"href":"https:\/\/www.redenoticia.com.br\/noticia\/wp-json\/wp\/v2\/media\/40787"}],"wp:attachment":[{"href":"https:\/\/www.redenoticia.com.br\/noticia\/wp-json\/wp\/v2\/media?parent=44086"}],"wp:term":[{"taxonomy":"category","embeddable":true,"href":"https:\/\/www.redenoticia.com.br\/noticia\/wp-json\/wp\/v2\/categories?post=44086"},{"taxonomy":"post_tag","embeddable":true,"href":"https:\/\/www.redenoticia.com.br\/noticia\/wp-json\/wp\/v2\/tags?post=44086"}],"curies":[{"name":"wp","href":"https:\/\/api.w.org\/{rel}","templated":true}]}}