{"id":4408,"date":"2009-07-01T22:59:06","date_gmt":"2009-07-02T02:59:06","guid":{"rendered":"http:\/\/www.redenoticia.com.br\/noticia\/?p=4408"},"modified":"2009-07-01T22:59:57","modified_gmt":"2009-07-02T02:59:57","slug":"bianco-prefeito-de-ji-parana-comemora-a-conquista-da-copa-do-brasil-pelo-corinthians","status":"publish","type":"post","link":"https:\/\/www.redenoticia.com.br\/noticia\/2009\/bianco-prefeito-de-ji-parana-comemora-a-conquista-da-copa-do-brasil-pelo-corinthians\/4408","title":{"rendered":"Bianco, Prefeito de Ji-Paran\u00e1, comemora a conquista da Copa do Brasil pelo Corinthians"},"content":{"rendered":"<p>Disputa acirrada entre Internacional e Corinthians na decis\u00e3o da Copa do Brasil deixa os torcedores apreensivos, nervosos mas confiantes. Mais os Corinthianos que tiveram a vantagem e sa\u00edram na frente com o primeiro gol logo no in\u00edcio da partida.<\/p>\n<p>Em Ji-Paran\u00e1 a conquista foi festejada com carreatas, fogos, apitos, bandeiras. As previs\u00f5es das personalidades corinthianas animaram a festa. O prefeito de Ji-Paran\u00e1 Jos\u00e9 de Abreu Bianco comemora muito pois h\u00e1 mais de um m\u00eas j\u00e1 sabia o resultado. Veja o v\u00eddeo:<\/p>\n<p>[wpyt_profile2]SaedT-vCMss[\/wpyt_profile2]<\/p>\n<p>Festa maior que a de Ji-Paran\u00e1 s\u00f3 a do Parque S\u00e3o Jorge que teve tel\u00e3o e festa junina.com diversas comidas t\u00edpicas pra comer sem peso na consci\u00eancia afinal, os mais rechonchudos agora t\u00eam um motivo a mais para ficarem orgulhosos. A frase mais comentada do dia \u00e9:  NUNCA DUVIDE DE UM GORDINHO!!!!<\/p>\n<p>E o Ronaldo continua fenomenal em decis\u00f5es<\/p>\n<p>S\u00e3o muitos os adjetivos do Ronaldo mas um jamais poder\u00e1 faltar: Rei de Copas. Ao longo de sua carreira, o atacante disputou 14 decis\u00f5es nesse formato de disputa, marcou 14 gols e levou dez t\u00edtulos!<\/p>\n","protected":false},"excerpt":{"rendered":"<p>Disputa acirrada entre Internacional e Corinthians na decis\u00e3o da Copa do Brasil deixa os torcedores apreensivos, nervosos mas confiantes. Mais os Corinthianos que tiveram a vantagem e sa\u00edram na frente com o primeiro gol logo no in\u00edcio da partida. Em Ji-Paran\u00e1 a conquista foi festejada com carreatas, fogos, apitos, bandeiras. As previs\u00f5es das personalidades corinthianas [&hellip;]<\/p>\n","protected":false},"author":3,"featured_media":0,"comment_status":"open","ping_status":"open","sticky":false,"template":"","format":"standard","meta":{"_genesis_hide_title":false,"_genesis_hide_breadcrumbs":false,"_genesis_hide_singular_image":false,"_genesis_hide_footer_widgets":false,"_genesis_custom_body_class":"","_genesis_custom_post_class":"","_genesis_layout":"","_jetpack_memberships_contains_paid_content":false,"footnotes":""},"categories":[22],"tags":[],"class_list":{"0":"post-4408","1":"post","2":"type-post","3":"status-publish","4":"format-standard","6":"category-brasil","7":"entry","8":"gs-1","9":"gs-odd","10":"gs-even","11":"gs-featured-content-entry"},"jetpack_featured_media_url":"","jetpack_sharing_enabled":true,"jetpack_likes_enabled":true,"_links":{"self":[{"href":"https:\/\/www.redenoticia.com.br\/noticia\/wp-json\/wp\/v2\/posts\/4408","targetHints":{"allow":["GET"]}}],"collection":[{"href":"https:\/\/www.redenoticia.com.br\/noticia\/wp-json\/wp\/v2\/posts"}],"about":[{"href":"https:\/\/www.redenoticia.com.br\/noticia\/wp-json\/wp\/v2\/types\/post"}],"author":[{"embeddable":true,"href":"https:\/\/www.redenoticia.com.br\/noticia\/wp-json\/wp\/v2\/users\/3"}],"replies":[{"embeddable":true,"href":"https:\/\/www.redenoticia.com.br\/noticia\/wp-json\/wp\/v2\/comments?post=4408"}],"version-history":[{"count":0,"href":"https:\/\/www.redenoticia.com.br\/noticia\/wp-json\/wp\/v2\/posts\/4408\/revisions"}],"wp:attachment":[{"href":"https:\/\/www.redenoticia.com.br\/noticia\/wp-json\/wp\/v2\/media?parent=4408"}],"wp:term":[{"taxonomy":"category","embeddable":true,"href":"https:\/\/www.redenoticia.com.br\/noticia\/wp-json\/wp\/v2\/categories?post=4408"},{"taxonomy":"post_tag","embeddable":true,"href":"https:\/\/www.redenoticia.com.br\/noticia\/wp-json\/wp\/v2\/tags?post=4408"}],"curies":[{"name":"wp","href":"https:\/\/api.w.org\/{rel}","templated":true}]}}