{"id":44033,"date":"2013-05-02T11:05:57","date_gmt":"2013-05-02T14:05:57","guid":{"rendered":"http:\/\/www.redenoticia.com.br\/noticia\/?p=44033"},"modified":"2013-05-02T11:05:57","modified_gmt":"2013-05-02T14:05:57","slug":"descoberto-gene-vinculado-a-enxaqueca","status":"publish","type":"post","link":"https:\/\/www.redenoticia.com.br\/noticia\/2013\/descoberto-gene-vinculado-a-enxaqueca\/44033","title":{"rendered":"Descoberto gene vinculado \u00e0 enxaqueca"},"content":{"rendered":"<p>Bras\u00edlia \u2013 Pesquisadores da Universidade da Calif\u00f3rnia, em S\u00e3o Francisco (Estados Unidos), descobriram o primeiro gene cuja muta\u00e7\u00e3o est\u00e1 associada \u00e0 forma mais comum de <em><strong>enxaqueca<\/strong><\/em>. A descoberta pode abrir o caminho para uma compreens\u00e3o da doen\u00e7a de causas desconhecidas, segundo estudo publicado nos Estados Unidos.<\/p>\n<p>Louis Ptacek, professor de neurologia da universidade, um dos principais autores da pesquisa, disse que este \u00e9 o primeiro gene descoberto no qual uma muta\u00e7\u00e3o est\u00e1 relacionada \u00e0 forma mais comum de enxaqueca. &#8220;Isso lan\u00e7a a primeira luz sobre uma doen\u00e7a que ainda n\u00e3o entendemos. Mas s\u00f3 um n\u00famero muito pequeno de pacientes com enxaqueca tem esse gene mutante&#8221;, acrescentou.<\/p>\n<p>Segundo especialistas, a enxaqueca afeta de 10% a 20% da popula\u00e7\u00e3o e causa perdas de produtividade. Os sintomas da doen\u00e7a s\u00e3o forte dor de cabe\u00e7a e hipersensibilidade ao som, ao tato e \u00e0 luz.<\/p>\n<p>Os resultados da pesquisa estar\u00e3o na revista norte-americana Science Translational Medicine. Os pesquisadores fizeram um estudo gen\u00e9tico com duas fam\u00edlias em que a enxaqueca \u00e9 comum. Eles descobriram que a maioria das pessoas que t\u00eam o dist\u00farbio \u00e9 portadora do gene mutante ou filha de pais que tinham esse gene.<\/p>\n<p>No laborat\u00f3rio, os autores do estudo descobriram que a muta\u00e7\u00e3o do gene CKIdelta afetava a produ\u00e7\u00e3o de uma prote\u00edna chamada quinase CK2, que desempenha importante papel em muitas fun\u00e7\u00f5es vitais no c\u00e9rebro e no resto do corpo. &#8220;Isso indica que a muta\u00e7\u00e3o gen\u00e9tica tem consequ\u00eancias bioqu\u00edmicas reais&#8221;, disse Ptacek.<\/p>\n<p>Renata Giraldi*<br \/>\nRep\u00f3rter da Ag\u00eancia Brasil<br \/>\n*Com informa\u00e7\u00f5es da ag\u00eancia p\u00fablica de not\u00edcias de Angola,\u00a0<a href=\"http:\/\/www.portalangop.co.ao\/motix\/pt_pt\/noticias\/internacional\/2013\/4\/18\/Descoberto-primeiro-gene-vinculado-enxaqueca,14748ab6-7bef-48bf-8e64-c361f1b1c12d.html\">Angop<\/a><\/p>\n<p>Edi\u00e7\u00e3o: Gra\u00e7a Adjuto<\/p>\n","protected":false},"excerpt":{"rendered":"<p>Bras\u00edlia \u2013 Pesquisadores da Universidade da Calif\u00f3rnia, em S\u00e3o Francisco (Estados Unidos), descobriram o primeiro gene cuja muta\u00e7\u00e3o est\u00e1 associada \u00e0 forma mais comum de enxaqueca. A descoberta pode abrir o caminho para uma compreens\u00e3o da doen\u00e7a de causas desconhecidas, segundo estudo publicado nos Estados Unidos. Louis Ptacek, professor de neurologia da universidade, um dos [&hellip;]<\/p>\n","protected":false},"author":3,"featured_media":37376,"comment_status":"open","ping_status":"closed","sticky":false,"template":"","format":"standard","meta":{"_genesis_hide_title":false,"_genesis_hide_breadcrumbs":false,"_genesis_hide_singular_image":false,"_genesis_hide_footer_widgets":false,"_genesis_custom_body_class":"","_genesis_custom_post_class":"","_genesis_layout":"","_jetpack_memberships_contains_paid_content":false,"footnotes":""},"categories":[22,5],"tags":[],"class_list":{"0":"post-44033","1":"post","2":"type-post","3":"status-publish","4":"format-standard","5":"has-post-thumbnail","7":"category-brasil","8":"category-saude-e-vida","9":"entry","10":"gs-1","11":"gs-odd","12":"gs-even","13":"gs-featured-content-entry"},"jetpack_featured_media_url":"https:\/\/www.redenoticia.com.br\/noticia\/imagens\/saude-doutor.jpg","jetpack_sharing_enabled":true,"jetpack_likes_enabled":true,"_links":{"self":[{"href":"https:\/\/www.redenoticia.com.br\/noticia\/wp-json\/wp\/v2\/posts\/44033","targetHints":{"allow":["GET"]}}],"collection":[{"href":"https:\/\/www.redenoticia.com.br\/noticia\/wp-json\/wp\/v2\/posts"}],"about":[{"href":"https:\/\/www.redenoticia.com.br\/noticia\/wp-json\/wp\/v2\/types\/post"}],"author":[{"embeddable":true,"href":"https:\/\/www.redenoticia.com.br\/noticia\/wp-json\/wp\/v2\/users\/3"}],"replies":[{"embeddable":true,"href":"https:\/\/www.redenoticia.com.br\/noticia\/wp-json\/wp\/v2\/comments?post=44033"}],"version-history":[{"count":0,"href":"https:\/\/www.redenoticia.com.br\/noticia\/wp-json\/wp\/v2\/posts\/44033\/revisions"}],"wp:featuredmedia":[{"embeddable":true,"href":"https:\/\/www.redenoticia.com.br\/noticia\/wp-json\/wp\/v2\/media\/37376"}],"wp:attachment":[{"href":"https:\/\/www.redenoticia.com.br\/noticia\/wp-json\/wp\/v2\/media?parent=44033"}],"wp:term":[{"taxonomy":"category","embeddable":true,"href":"https:\/\/www.redenoticia.com.br\/noticia\/wp-json\/wp\/v2\/categories?post=44033"},{"taxonomy":"post_tag","embeddable":true,"href":"https:\/\/www.redenoticia.com.br\/noticia\/wp-json\/wp\/v2\/tags?post=44033"}],"curies":[{"name":"wp","href":"https:\/\/api.w.org\/{rel}","templated":true}]}}