{"id":43901,"date":"2013-04-24T16:41:57","date_gmt":"2013-04-24T19:41:57","guid":{"rendered":"http:\/\/www.redenoticia.com.br\/noticia\/?p=43901"},"modified":"2013-04-24T16:41:57","modified_gmt":"2013-04-24T19:41:57","slug":"governo-define-instalacao-de-piso-no-minha-casa-minha-vida","status":"publish","type":"post","link":"https:\/\/www.redenoticia.com.br\/noticia\/2013\/governo-define-instalacao-de-piso-no-minha-casa-minha-vida\/43901","title":{"rendered":"Governo define instala\u00e7\u00e3o de piso no Minha Casa, Minha Vida"},"content":{"rendered":"<p>O governo federal definiu os procedimentos para a coloca\u00e7\u00e3o de revestimento nas unidades habitacionais do <em><strong>Minha Casa, Minha Vida<\/strong><\/em> da fase 1. O custo de instala\u00e7\u00e3o do piso ser\u00e1 bancado pelo programa. Por decis\u00e3o do governo, nenhuma fam\u00edlia ser\u00e1 onerada. Ser\u00e3o oferecidas \u00e0s fam\u00edlias a possibilidade de escolha de tr\u00eas tipos de piso: cer\u00e2mico, em laminado de madeira e em manta vin\u00edlica. O revestimento ser\u00e1 colocado nas \u00e1reas internas das unidades e tamb\u00e9m nas \u00e1reas comuns dos edif\u00edcios. Hoje, as \u00e1reas molhadas das unidades habitacionais &#8211; banheiro e cozinha &#8211; j\u00e1 contam com o piso cer\u00e2mico instalado.<\/p>\n<p>A coloca\u00e7\u00e3o de piso nas unidades habitacionais do programa visa a melhoria das condi\u00e7\u00f5es de vida das fam\u00edlias. Al\u00e9m disso, a medida vai facilitar a manuten\u00e7\u00e3o dos im\u00f3veis permitindo a preserva\u00e7\u00e3o da qualidade com que essas unidades foram entregues aos benefici\u00e1rios.<\/p>\n<p>As especifica\u00e7\u00f5es do programa foram revistas na fase 2. O governo decidiu colocar piso em todos os c\u00f4modos, inclusive nas \u00e1reas comuns. Os 78.670 im\u00f3veis em processo de constru\u00e7\u00e3o ter\u00e3o seus contratos aditados para trocar as especifica\u00e7\u00f5es para piso cer\u00e2mico em todos os c\u00f4modos. A instala\u00e7\u00e3o obedecer\u00e1 cronograma, que ser\u00e1 constru\u00eddo observando as especificidades de cada regi\u00e3o e a realidade de cada empreendimento. E para as 325.458 unidades j\u00e1 entregues, a Caixa Econ\u00f4mica Federal far\u00e1, a partir de visitas aos im\u00f3veis, um invent\u00e1rio das fam\u00edlias interessadas em colocar o piso para ent\u00e3o ser iniciada a instala\u00e7\u00e3o do revestimento escolhido.<\/p>\n","protected":false},"excerpt":{"rendered":"<p>O governo federal definiu os procedimentos para a coloca\u00e7\u00e3o de revestimento nas unidades habitacionais do Minha Casa, Minha Vida da fase 1. O custo de instala\u00e7\u00e3o do piso ser\u00e1 bancado pelo programa. Por decis\u00e3o do governo, nenhuma fam\u00edlia ser\u00e1 onerada. Ser\u00e3o oferecidas \u00e0s fam\u00edlias a possibilidade de escolha de tr\u00eas tipos de piso: cer\u00e2mico, em [&hellip;]<\/p>\n","protected":false},"author":3,"featured_media":24713,"comment_status":"open","ping_status":"closed","sticky":false,"template":"","format":"standard","meta":{"_genesis_hide_title":false,"_genesis_hide_breadcrumbs":false,"_genesis_hide_singular_image":false,"_genesis_hide_footer_widgets":false,"_genesis_custom_body_class":"","_genesis_custom_post_class":"","_genesis_layout":"","_jetpack_memberships_contains_paid_content":false,"footnotes":""},"categories":[22],"tags":[],"class_list":{"0":"post-43901","1":"post","2":"type-post","3":"status-publish","4":"format-standard","5":"has-post-thumbnail","7":"category-brasil","8":"entry","9":"gs-1","10":"gs-odd","11":"gs-even","12":"gs-featured-content-entry"},"jetpack_featured_media_url":"https:\/\/www.redenoticia.com.br\/noticia\/imagens\/minha-casa-minha-vida.jpg","jetpack_sharing_enabled":true,"jetpack_likes_enabled":true,"_links":{"self":[{"href":"https:\/\/www.redenoticia.com.br\/noticia\/wp-json\/wp\/v2\/posts\/43901","targetHints":{"allow":["GET"]}}],"collection":[{"href":"https:\/\/www.redenoticia.com.br\/noticia\/wp-json\/wp\/v2\/posts"}],"about":[{"href":"https:\/\/www.redenoticia.com.br\/noticia\/wp-json\/wp\/v2\/types\/post"}],"author":[{"embeddable":true,"href":"https:\/\/www.redenoticia.com.br\/noticia\/wp-json\/wp\/v2\/users\/3"}],"replies":[{"embeddable":true,"href":"https:\/\/www.redenoticia.com.br\/noticia\/wp-json\/wp\/v2\/comments?post=43901"}],"version-history":[{"count":0,"href":"https:\/\/www.redenoticia.com.br\/noticia\/wp-json\/wp\/v2\/posts\/43901\/revisions"}],"wp:featuredmedia":[{"embeddable":true,"href":"https:\/\/www.redenoticia.com.br\/noticia\/wp-json\/wp\/v2\/media\/24713"}],"wp:attachment":[{"href":"https:\/\/www.redenoticia.com.br\/noticia\/wp-json\/wp\/v2\/media?parent=43901"}],"wp:term":[{"taxonomy":"category","embeddable":true,"href":"https:\/\/www.redenoticia.com.br\/noticia\/wp-json\/wp\/v2\/categories?post=43901"},{"taxonomy":"post_tag","embeddable":true,"href":"https:\/\/www.redenoticia.com.br\/noticia\/wp-json\/wp\/v2\/tags?post=43901"}],"curies":[{"name":"wp","href":"https:\/\/api.w.org\/{rel}","templated":true}]}}