{"id":43892,"date":"2013-04-23T18:04:15","date_gmt":"2013-04-23T21:04:15","guid":{"rendered":"http:\/\/www.redenoticia.com.br\/noticia\/?p=43892"},"modified":"2013-04-24T17:05:13","modified_gmt":"2013-04-24T20:05:13","slug":"concurso-seleciona-videos-sobre-meio-ambiente","status":"publish","type":"post","link":"https:\/\/www.redenoticia.com.br\/noticia\/2013\/concurso-seleciona-videos-sobre-meio-ambiente\/43892","title":{"rendered":"Concurso seleciona v\u00eddeos sobre meio ambiente"},"content":{"rendered":"<p>A TV Escola, canal de televis\u00e3o do Minist\u00e9rio da Educa\u00e7\u00e3o, promove at\u00e9\u00a010 de maio\u00a0o <em><strong>concurso<\/strong><\/em> Ecov\u00eddeo \u2013 5\u00aa Semana do Meio Ambiente da TV Escola. Os participantes devem elaborar um projeto visual de dois minutos a partir da pergunta: Como transformar sua escola em um espa\u00e7o sustent\u00e1vel? A proposta dever\u00e1 contemplar o meio ambiente escolar e a comunidade local, identificando problemas socioambientais e propondo solu\u00e7\u00f5es.<\/p>\n<p>A equipe de produ\u00e7\u00e3o pode ser de at\u00e9 quatro pessoas, sendo pelo menos um professor. O objetivo do v\u00eddeo \u00e9 mobilizar a comunidade escolar para transformar o local em um espa\u00e7o verdadeiramente sustent\u00e1vel. O v\u00eddeo tamb\u00e9m pode fazer parte da prepara\u00e7\u00e3o da escola para a IV Confer\u00eancia Nacional Infantojuvenil pelo Meio Ambiente.<\/p>\n<p>Os participantes devem publicar o v\u00eddeo finalizado no site Youtube.\u00a0 Quem n\u00e3o tiver acesso \u00e0 internet deve enviar a m\u00eddia pelos correios como carta registrada ou sedex. Qualquer entrada apresentada ap\u00f3s o fim do concurso, em\u00a010 de maio, n\u00e3o ser\u00e1 aceita. Qualquer v\u00eddeo modificado ap\u00f3s o t\u00e9rmino do concurso n\u00e3o ser\u00e1 eleg\u00edvel.<\/p>\n<p>Assessoria de Comunica\u00e7\u00e3o Social<\/p>\n<p><a href=\"http:\/\/tvescola.mec.gov.br\/index.php?option=com_content&amp;view=article&amp;id=771:regulamento-concurso-ecovideos-5o-semana-do-meio-ambiente&amp;catid=71:destaque\" target=\"_blank\">Veja<\/a>\u00a0as regras do concurso aqui<\/p>\n<p><a href=\"http:\/\/conferenciainfanto.mec.gov.br\/\">Acompanhe<\/a>\u00a0as novidades da IV Confer\u00eancia Nacional Infantojuvenil pelo Meio Ambiente<\/p>\n<p><a href=\"http:\/\/tvescola.mec.gov.br\/images\/stories\/Regulamento%20-%20Concurso%20Ecovideo%20-%205%20SMA.pdf\">Acesse<\/a>\u00a0o regulamento em PDF<\/p>\n","protected":false},"excerpt":{"rendered":"<p>A TV Escola, canal de televis\u00e3o do Minist\u00e9rio da Educa\u00e7\u00e3o, promove at\u00e9\u00a010 de maio\u00a0o concurso Ecov\u00eddeo \u2013 5\u00aa Semana do Meio Ambiente da TV Escola. Os participantes devem elaborar um projeto visual de dois minutos a partir da pergunta: Como transformar sua escola em um espa\u00e7o sustent\u00e1vel? A proposta dever\u00e1 contemplar o meio ambiente escolar [&hellip;]<\/p>\n","protected":false},"author":3,"featured_media":34905,"comment_status":"open","ping_status":"closed","sticky":false,"template":"","format":"standard","meta":{"_genesis_hide_title":false,"_genesis_hide_breadcrumbs":false,"_genesis_hide_singular_image":false,"_genesis_hide_footer_widgets":false,"_genesis_custom_body_class":"","_genesis_custom_post_class":"","_genesis_layout":"","_jetpack_memberships_contains_paid_content":false,"footnotes":""},"categories":[22,370,353],"tags":[],"class_list":{"0":"post-43892","1":"post","2":"type-post","3":"status-publish","4":"format-standard","5":"has-post-thumbnail","7":"category-brasil","8":"category-inscricao","9":"category-oportunidades","10":"entry","11":"gs-1","12":"gs-odd","13":"gs-even","14":"gs-featured-content-entry"},"jetpack_featured_media_url":"https:\/\/www.redenoticia.com.br\/noticia\/imagens\/codigo-florestal.jpg","jetpack_sharing_enabled":true,"jetpack_likes_enabled":true,"_links":{"self":[{"href":"https:\/\/www.redenoticia.com.br\/noticia\/wp-json\/wp\/v2\/posts\/43892","targetHints":{"allow":["GET"]}}],"collection":[{"href":"https:\/\/www.redenoticia.com.br\/noticia\/wp-json\/wp\/v2\/posts"}],"about":[{"href":"https:\/\/www.redenoticia.com.br\/noticia\/wp-json\/wp\/v2\/types\/post"}],"author":[{"embeddable":true,"href":"https:\/\/www.redenoticia.com.br\/noticia\/wp-json\/wp\/v2\/users\/3"}],"replies":[{"embeddable":true,"href":"https:\/\/www.redenoticia.com.br\/noticia\/wp-json\/wp\/v2\/comments?post=43892"}],"version-history":[{"count":0,"href":"https:\/\/www.redenoticia.com.br\/noticia\/wp-json\/wp\/v2\/posts\/43892\/revisions"}],"wp:featuredmedia":[{"embeddable":true,"href":"https:\/\/www.redenoticia.com.br\/noticia\/wp-json\/wp\/v2\/media\/34905"}],"wp:attachment":[{"href":"https:\/\/www.redenoticia.com.br\/noticia\/wp-json\/wp\/v2\/media?parent=43892"}],"wp:term":[{"taxonomy":"category","embeddable":true,"href":"https:\/\/www.redenoticia.com.br\/noticia\/wp-json\/wp\/v2\/categories?post=43892"},{"taxonomy":"post_tag","embeddable":true,"href":"https:\/\/www.redenoticia.com.br\/noticia\/wp-json\/wp\/v2\/tags?post=43892"}],"curies":[{"name":"wp","href":"https:\/\/api.w.org\/{rel}","templated":true}]}}