{"id":43889,"date":"2013-04-23T17:56:08","date_gmt":"2013-04-23T20:56:08","guid":{"rendered":"http:\/\/www.redenoticia.com.br\/noticia\/?p=43889"},"modified":"2013-04-23T17:56:08","modified_gmt":"2013-04-23T20:56:08","slug":"unesp-disponibiliza-mais-54-e-books-para-download-gratuito","status":"publish","type":"post","link":"https:\/\/www.redenoticia.com.br\/noticia\/2013\/unesp-disponibiliza-mais-54-e-books-para-download-gratuito\/43889","title":{"rendered":"Unesp disponibiliza mais 54 e-books para download gratuito"},"content":{"rendered":"<p>Desde 2010, a cole\u00e7\u00e3o Propg-FEU Digital (Pr\u00f3-Reitoria de Ensino de P\u00f3s-Gradua\u00e7\u00e3o da Funda\u00e7\u00e3o Editora da Unesp) disponibiliza <em><strong>e-books<\/strong><\/em> para download gratuito. A partir dessa quarta-feira, 24, mais 54 novos t\u00edtulos passam a integrar o acervo, que aumenta para 192 o n\u00famero de obras de diversos temas da \u00e1rea de ci\u00eancias humanas.<\/p>\n<p>Para anunciar a libera\u00e7\u00e3o dos novos livros digitais, a Unesp realiza um evento, durante o qual o presidente da editora da universidade tamb\u00e9m far\u00e1 uma palestra sobre os E-books e a democratiza\u00e7\u00e3o do conhecimento.<\/p>\n<p>Logo ap\u00f3s o lan\u00e7amento dos novos t\u00edtulos, o p\u00fablico poder\u00e1 consultar os e-books por meio de iPads dispon\u00edveis no local e acompanhar pelo site da universidade as entrevistas com os autores.<\/p>\n<p>O projeto, um dos primeiros de e-books do pa\u00eds, visa democratizar a produ\u00e7\u00e3o acad\u00eamica: at\u00e9 2020, 1.000 livros devem ser publicados. Todos os t\u00edtulos possuem o selo Cultura Acad\u00eamica e s\u00e3o assinados por docentes da Unesp.<\/p>\n<p>Dentre os novos t\u00edtulos, integram a cole\u00e7\u00e3o os livros &#8220;Botticelli: pintura e teoria&#8221;, de D\u00e9bora Barbam Mendon\u00e7a e &#8220;Ci\u00eancia da informa\u00e7\u00e3o, m\u00eddias e converg\u00eancia de linguagens na web&#8221;, de Maria Jos\u00e9 Vicentini Jorente.<\/p>\n<p>Para fazer download das obras dispon\u00edveis, basta se cadastrar no\u00a0<a href=\"http:\/\/culturaacademica.com.br\/index.html\" target=\"_blank\">site da cole\u00e7\u00e3o<\/a>\u00a0e escolher o t\u00edtulo desejado.<\/p>\n<p>SERVI\u00c7O<br \/>\nLan\u00e7amento da Cole\u00e7\u00e3o Propg\/FEU Digital<br \/>\nEditora Unesp (Pra\u00e7a da S\u00e9, 108, Centro, S\u00e3o Paulo, SP)<br \/>\n24\/4, \u00e0s 9h<\/p>\n<p>Do Portal do Governo do Estado<\/p>\n","protected":false},"excerpt":{"rendered":"<p>Desde 2010, a cole\u00e7\u00e3o Propg-FEU Digital (Pr\u00f3-Reitoria de Ensino de P\u00f3s-Gradua\u00e7\u00e3o da Funda\u00e7\u00e3o Editora da Unesp) disponibiliza e-books para download gratuito. A partir dessa quarta-feira, 24, mais 54 novos t\u00edtulos passam a integrar o acervo, que aumenta para 192 o n\u00famero de obras de diversos temas da \u00e1rea de ci\u00eancias humanas. Para anunciar a libera\u00e7\u00e3o [&hellip;]<\/p>\n","protected":false},"author":3,"featured_media":37419,"comment_status":"open","ping_status":"closed","sticky":false,"template":"","format":"standard","meta":{"_genesis_hide_title":false,"_genesis_hide_breadcrumbs":false,"_genesis_hide_singular_image":false,"_genesis_hide_footer_widgets":false,"_genesis_custom_body_class":"","_genesis_custom_post_class":"","_genesis_layout":"","_jetpack_memberships_contains_paid_content":false,"footnotes":""},"categories":[22],"tags":[],"class_list":{"0":"post-43889","1":"post","2":"type-post","3":"status-publish","4":"format-standard","5":"has-post-thumbnail","7":"category-brasil","8":"entry","9":"gs-1","10":"gs-odd","11":"gs-even","12":"gs-featured-content-entry"},"jetpack_featured_media_url":"https:\/\/www.redenoticia.com.br\/noticia\/imagens\/computador-tecnologia.jpg","jetpack_sharing_enabled":true,"jetpack_likes_enabled":true,"_links":{"self":[{"href":"https:\/\/www.redenoticia.com.br\/noticia\/wp-json\/wp\/v2\/posts\/43889","targetHints":{"allow":["GET"]}}],"collection":[{"href":"https:\/\/www.redenoticia.com.br\/noticia\/wp-json\/wp\/v2\/posts"}],"about":[{"href":"https:\/\/www.redenoticia.com.br\/noticia\/wp-json\/wp\/v2\/types\/post"}],"author":[{"embeddable":true,"href":"https:\/\/www.redenoticia.com.br\/noticia\/wp-json\/wp\/v2\/users\/3"}],"replies":[{"embeddable":true,"href":"https:\/\/www.redenoticia.com.br\/noticia\/wp-json\/wp\/v2\/comments?post=43889"}],"version-history":[{"count":0,"href":"https:\/\/www.redenoticia.com.br\/noticia\/wp-json\/wp\/v2\/posts\/43889\/revisions"}],"wp:featuredmedia":[{"embeddable":true,"href":"https:\/\/www.redenoticia.com.br\/noticia\/wp-json\/wp\/v2\/media\/37419"}],"wp:attachment":[{"href":"https:\/\/www.redenoticia.com.br\/noticia\/wp-json\/wp\/v2\/media?parent=43889"}],"wp:term":[{"taxonomy":"category","embeddable":true,"href":"https:\/\/www.redenoticia.com.br\/noticia\/wp-json\/wp\/v2\/categories?post=43889"},{"taxonomy":"post_tag","embeddable":true,"href":"https:\/\/www.redenoticia.com.br\/noticia\/wp-json\/wp\/v2\/tags?post=43889"}],"curies":[{"name":"wp","href":"https:\/\/api.w.org\/{rel}","templated":true}]}}