{"id":43888,"date":"2013-04-23T17:53:43","date_gmt":"2013-04-23T20:53:43","guid":{"rendered":"http:\/\/www.redenoticia.com.br\/noticia\/?p=43888"},"modified":"2013-04-23T17:53:43","modified_gmt":"2013-04-23T20:53:43","slug":"estudos-comparam-desemprego-em-sao-paulo-paris-e-toquio","status":"publish","type":"post","link":"https:\/\/www.redenoticia.com.br\/noticia\/2013\/estudos-comparam-desemprego-em-sao-paulo-paris-e-toquio\/43888","title":{"rendered":"Estudos comparam desemprego em S\u00e3o Paulo, Paris e T\u00f3quio"},"content":{"rendered":"<p>Ag\u00eancia FAPESP\u00a0\u2013 Um livro com resultados de pesquisas desenvolvidas no Centro de Estudos da Metr\u00f3pole (CEM), um Centro de Pesquisa, Inova\u00e7\u00e3o e Difus\u00e3o (CEPID) da FAPESP, acaba de ser lan\u00e7ado na Fran\u00e7a.<\/p>\n<p>\u00catre ch\u00f4meur \u00e0 Paris, S\u00e3o Paulo, Tokyo \u2013 Une m\u00e9thode de comparaison internationale\u00a0(Estar desempregado em Paris, S\u00e3o Paulo e T\u00f3quio \u2013 Um m\u00e9todo de compara\u00e7\u00e3o internacional), de Didier Demazi\u00e8re, Nadya Araujo Guimar\u00e3es, Helena Hirata e Kurumi Sugita, foi publicado pela editora Presses de Sciences Po.<\/p>\n<p>Guimar\u00e3es \u00e9 pesquisadora do CEM e professora titular do Departamento de Sociologia da Universidade de S\u00e3o Paulo. \u00c9 autora de\u00a0<a href=\"http:\/\/agencia.fapesp.br\/10683\" target=\"_blank\">Desemprego, uma constru\u00e7\u00e3o social<\/a>. Hirata \u00e9 diretora de pesquisa em\u00e9rita do Centre National de la Recherche Scientifique (CNRS), na Fran\u00e7a, e foi\u00a0<a href=\"http:\/\/bv.fapesp.br\/pt\/auxilios\/52163\/helena-sumiko-hirata-%7C-centre\" target=\"_blank\">pesquisadora visitante<\/a>\u00a0no CEM com apoio da FAPESP. Demazi\u00e8re \u00e9 diretor de pesquisa do CNRS. Sugita \u00e9 pesquisadora no L\u2019Institut d\u2019Asie Orientale do CNRS e tamb\u00e9m pesquisou no CEM.<\/p>\n<p>Segundo os autores, a condi\u00e7\u00e3o de desempregado \u00e9 marcada pela obriga\u00e7\u00e3o de procurar emprego, mas esta defini\u00e7\u00e3o esconde realidades internacionais heterog\u00eaneas.<\/p>\n<p>O objetivo da obra \u00e9 explorar a diversidade de significados do desemprego. Como os desempregados vivem e interpretam sua situa\u00e7\u00e3o em Paris, em S\u00e3o Paulo e em T\u00f3quio e\u00a0os distintos significados\u00a0do desemprego em todos os lugares est\u00e3o entre\u00a0as quest\u00f5es abordadas.<\/p>\n<p>O livro tra\u00e7a formas com que o desemprego \u00e9 vivenciado por homens e mulheres de diferentes idades e meios sociais nessas tr\u00eas cidades. A abordagem comparativa identifica m\u00faltiplas escalas de varia\u00e7\u00e3o: internacional, com um universo de significados comuns aos desempregados nos tr\u00eas pa\u00edses; nacional, com a afirma\u00e7\u00e3o de modelos de refer\u00eancia espec\u00edficos para cada territ\u00f3rio; e transnacional, com as experi\u00eancias de sobreposi\u00e7\u00e3o de g\u00eanero, idade e classe social, independentemente do pa\u00eds.<\/p>\n<p>O sum\u00e1rio de\u00a0\u00catre ch\u00f4meur \u00e0 Paris, S\u00e3o Paulo, Tokyo \u2013 Une m\u00e9thode de comparaison internationale\u00a0pode ser acessado em\u00a0<a href=\"http:\/\/www.pressesdesciencespo.fr\/en\/livre\/?GCOI=27246100998740&amp;fa=sommaire\" target=\"_blank\">http:\/\/www.pressesdesciencespo.fr\/en\/livre\/?GCOI=27246100998740&amp;fa=sommaire<\/a>. O livro pode ser comprado pela mesma p\u00e1gina.<\/p>\n<p>Em 2006, Guimar\u00e3es publicou na revista\u00a0Novos Estudos \u2013 Cebrap\u00a0o artigo\u00a0Trabalho em transi\u00e7\u00e3o \u2013 Uma compara\u00e7\u00e3o entre S\u00e3o Paulo, Paris e T\u00f3quio, que pode ser lido na biblioteca virtual SciELO (FAPESP\/Bireme) em\u00a0<a href=\"http:\/\/www.scielo.br\/scielo.php?pid=S0101-33002006000300008&amp;script=sci_arttext\" target=\"_blank\">www.scielo.br\/scielo.php?pid=S0101-33002006000300008&amp;script=sci_arttext<\/a>.<\/p>\n","protected":false},"excerpt":{"rendered":"<p>Ag\u00eancia FAPESP\u00a0\u2013 Um livro com resultados de pesquisas desenvolvidas no Centro de Estudos da Metr\u00f3pole (CEM), um Centro de Pesquisa, Inova\u00e7\u00e3o e Difus\u00e3o (CEPID) da FAPESP, acaba de ser lan\u00e7ado na Fran\u00e7a. \u00catre ch\u00f4meur \u00e0 Paris, S\u00e3o Paulo, Tokyo \u2013 Une m\u00e9thode de comparaison internationale\u00a0(Estar desempregado em Paris, S\u00e3o Paulo e T\u00f3quio \u2013 Um m\u00e9todo [&hellip;]<\/p>\n","protected":false},"author":3,"featured_media":40636,"comment_status":"open","ping_status":"closed","sticky":false,"template":"","format":"standard","meta":{"_genesis_hide_title":false,"_genesis_hide_breadcrumbs":false,"_genesis_hide_singular_image":false,"_genesis_hide_footer_widgets":false,"_genesis_custom_body_class":"","_genesis_custom_post_class":"","_genesis_layout":"","_jetpack_memberships_contains_paid_content":false,"footnotes":""},"categories":[22,7],"tags":[],"class_list":{"0":"post-43888","1":"post","2":"type-post","3":"status-publish","4":"format-standard","5":"has-post-thumbnail","7":"category-brasil","8":"category-economia","9":"entry","10":"gs-1","11":"gs-odd","12":"gs-even","13":"gs-featured-content-entry"},"jetpack_featured_media_url":"https:\/\/www.redenoticia.com.br\/noticia\/imagens\/economia-analise.jpg","jetpack_sharing_enabled":true,"jetpack_likes_enabled":true,"_links":{"self":[{"href":"https:\/\/www.redenoticia.com.br\/noticia\/wp-json\/wp\/v2\/posts\/43888","targetHints":{"allow":["GET"]}}],"collection":[{"href":"https:\/\/www.redenoticia.com.br\/noticia\/wp-json\/wp\/v2\/posts"}],"about":[{"href":"https:\/\/www.redenoticia.com.br\/noticia\/wp-json\/wp\/v2\/types\/post"}],"author":[{"embeddable":true,"href":"https:\/\/www.redenoticia.com.br\/noticia\/wp-json\/wp\/v2\/users\/3"}],"replies":[{"embeddable":true,"href":"https:\/\/www.redenoticia.com.br\/noticia\/wp-json\/wp\/v2\/comments?post=43888"}],"version-history":[{"count":0,"href":"https:\/\/www.redenoticia.com.br\/noticia\/wp-json\/wp\/v2\/posts\/43888\/revisions"}],"wp:featuredmedia":[{"embeddable":true,"href":"https:\/\/www.redenoticia.com.br\/noticia\/wp-json\/wp\/v2\/media\/40636"}],"wp:attachment":[{"href":"https:\/\/www.redenoticia.com.br\/noticia\/wp-json\/wp\/v2\/media?parent=43888"}],"wp:term":[{"taxonomy":"category","embeddable":true,"href":"https:\/\/www.redenoticia.com.br\/noticia\/wp-json\/wp\/v2\/categories?post=43888"},{"taxonomy":"post_tag","embeddable":true,"href":"https:\/\/www.redenoticia.com.br\/noticia\/wp-json\/wp\/v2\/tags?post=43888"}],"curies":[{"name":"wp","href":"https:\/\/api.w.org\/{rel}","templated":true}]}}