{"id":43831,"date":"2013-04-19T14:53:59","date_gmt":"2013-04-19T17:53:59","guid":{"rendered":"http:\/\/www.redenoticia.com.br\/noticia\/?p=43831"},"modified":"2013-04-22T14:30:40","modified_gmt":"2013-04-22T17:30:40","slug":"concurso-ministerio-da-saude-265-vagas-para-nivel-superior","status":"publish","type":"post","link":"https:\/\/www.redenoticia.com.br\/noticia\/2013\/concurso-ministerio-da-saude-265-vagas-para-nivel-superior\/43831","title":{"rendered":"Concurso Minist\u00e9rio da Sa\u00fade &#8211; 265 vagas para n\u00edvel superior"},"content":{"rendered":"<p><span style=\"font-size: 13px;\">Foi divulgado o edital para o <em><strong>concurso<\/strong><\/em> do Minist\u00e9rio da Sa\u00fade. S\u00e3o 265 vagas no total, distribu\u00eddas em oito cargos de n\u00edvel superior: Analista T\u00e9cnico Administrativo I e II, Administrador, Bibliotec\u00e1rio, Contador, Economista, Engenheiro Civil e Engenheiro Eletricista. Dessas, 13 vagas s\u00e3o destinadas aos candidatos com defici\u00eancia.<\/span><\/p>\n<p>Para os cargos de Analista T\u00e9cnico Administrativo I e II, existem 16 vagas com jornada de trabalho de 40 horas semanais e remunera\u00e7\u00e3o de R$ 3.981,41. J\u00e1 os cargos de Administrador, Bibliotec\u00e1rio e Contador possuem 234 vagas para 40 horas de trabalho semanais e remunera\u00e7\u00e3o de R$ 3.981,41. Por fim, h\u00e1 15 vagas para os cargos de Economista, Engenheiro Civil e Engenheiro Eletricista. A jornada de trabalho \u00e9 de 40 horas semanais e a remunera\u00e7\u00e3o \u00e9 R$ 6.722,34.<\/p>\n<p>O certame ser\u00e1 composto de tr\u00eas etapas. A primeira e a segunda s\u00e3o de provas objetivas e discursivas, respectivamente. A terceira \u00e9 avalia\u00e7\u00e3o de t\u00edtulos. As etapas e tamb\u00e9m a per\u00edcia m\u00e9dica para candidatos que se declararem com defici\u00eancia ser\u00e3o realizadas nas 27 capitais do pa\u00eds. A prov\u00e1vel data de aplica\u00e7\u00e3o das provas objetiva e discursiva \u00e9 7 de julho.<\/p>\n<p>Os candidatos interessados podem se inscrever pelo endere\u00e7o eletr\u00f4nico\u00a0<a href=\"http:\/\/www.cespe.unb.br\/concursos\/ms_13\" target=\"_blank\">www.cespe.unb.br\/concursos\/ms_13<\/a>, entre 26 de abril e 17 de maio. A taxa \u00e9 R$ 80,00 para todos os cargos. O edital completo com mais informa\u00e7\u00f5es sobre o concurso est\u00e1 dispon\u00edvel no mesmo endere\u00e7o eletr\u00f4nico.<\/p>\n<p>SERVI\u00c7O<br \/>\nConcurso P\u00fablico:\u00a0Minist\u00e9rio da Sa\u00fade<br \/>\nCargos:\u00a0Analista T\u00e9cnico Administrativo I e II, Administrador, Bibliotec\u00e1rio, Contador, Economista, Engenheiro Civil e Engenheiro Eletricista<br \/>\nVagas:\u00a0265, sendo 13 para candidatos com defici\u00eancia<br \/>\nInscri\u00e7\u00f5es:\u00a0entre os dias 26 de abril e 17 de maio<br \/>\nTaxa de inscri\u00e7\u00e3o:\u00a0R$ 80,00<br \/>\nRemunera\u00e7\u00f5es:\u00a0R$ 6.722,34 para Economista, Engenheiro Civil e Engenheiro Eletricista e R$ 3.981,41 para Analista T\u00e9cnico Administrativo I e II, Administrador, Bibliotec\u00e1rio e Contador.<br \/>\nProvas objetiva e discursiva:\u00a07 de julho<\/p>\n<p>CONTATO<br \/>\nOutras informa\u00e7\u00f5es no endere\u00e7o eletr\u00f4nico\u00a0<a href=\"http:\/\/www.cespe.unb.br\/concursos\/ms_13\" target=\"_blank\">www.cespe.unb.br\/concursos\/ms_13<\/a>\u00a0ou na Central de Atendimento ao Candidato do Cespe\/UnB, de segunda a sexta, das 8h \u00e0s 19h \u2013 Campus Universit\u00e1rio Darcy Ribeiro, Sede do Cespe\/UnB \u2013 telefone (61) 3448 0100.<\/p>\n","protected":false},"excerpt":{"rendered":"<p>Foi divulgado o edital para o concurso do Minist\u00e9rio da Sa\u00fade. S\u00e3o 265 vagas no total, distribu\u00eddas em oito cargos de n\u00edvel superior: Analista T\u00e9cnico Administrativo I e II, Administrador, Bibliotec\u00e1rio, Contador, Economista, Engenheiro Civil e Engenheiro Eletricista. Dessas, 13 vagas s\u00e3o destinadas aos candidatos com defici\u00eancia. Para os cargos de Analista T\u00e9cnico Administrativo I [&hellip;]<\/p>\n","protected":false},"author":3,"featured_media":28974,"comment_status":"open","ping_status":"closed","sticky":false,"template":"","format":"standard","meta":{"_genesis_hide_title":false,"_genesis_hide_breadcrumbs":false,"_genesis_hide_singular_image":false,"_genesis_hide_footer_widgets":false,"_genesis_custom_body_class":"","_genesis_custom_post_class":"","_genesis_layout":"","_jetpack_memberships_contains_paid_content":false,"footnotes":""},"categories":[22,352,370],"tags":[],"class_list":{"0":"post-43831","1":"post","2":"type-post","3":"status-publish","4":"format-standard","5":"has-post-thumbnail","7":"category-brasil","8":"category-concursos","9":"category-inscricao","10":"entry","11":"gs-1","12":"gs-odd","13":"gs-even","14":"gs-featured-content-entry"},"jetpack_featured_media_url":"https:\/\/www.redenoticia.com.br\/noticia\/imagens\/concurso-prova-gabarito.jpg","jetpack_sharing_enabled":true,"jetpack_likes_enabled":true,"_links":{"self":[{"href":"https:\/\/www.redenoticia.com.br\/noticia\/wp-json\/wp\/v2\/posts\/43831","targetHints":{"allow":["GET"]}}],"collection":[{"href":"https:\/\/www.redenoticia.com.br\/noticia\/wp-json\/wp\/v2\/posts"}],"about":[{"href":"https:\/\/www.redenoticia.com.br\/noticia\/wp-json\/wp\/v2\/types\/post"}],"author":[{"embeddable":true,"href":"https:\/\/www.redenoticia.com.br\/noticia\/wp-json\/wp\/v2\/users\/3"}],"replies":[{"embeddable":true,"href":"https:\/\/www.redenoticia.com.br\/noticia\/wp-json\/wp\/v2\/comments?post=43831"}],"version-history":[{"count":0,"href":"https:\/\/www.redenoticia.com.br\/noticia\/wp-json\/wp\/v2\/posts\/43831\/revisions"}],"wp:featuredmedia":[{"embeddable":true,"href":"https:\/\/www.redenoticia.com.br\/noticia\/wp-json\/wp\/v2\/media\/28974"}],"wp:attachment":[{"href":"https:\/\/www.redenoticia.com.br\/noticia\/wp-json\/wp\/v2\/media?parent=43831"}],"wp:term":[{"taxonomy":"category","embeddable":true,"href":"https:\/\/www.redenoticia.com.br\/noticia\/wp-json\/wp\/v2\/categories?post=43831"},{"taxonomy":"post_tag","embeddable":true,"href":"https:\/\/www.redenoticia.com.br\/noticia\/wp-json\/wp\/v2\/tags?post=43831"}],"curies":[{"name":"wp","href":"https:\/\/api.w.org\/{rel}","templated":true}]}}