{"id":43767,"date":"2013-04-16T13:53:31","date_gmt":"2013-04-16T16:53:31","guid":{"rendered":"http:\/\/www.redenoticia.com.br\/noticia\/?p=43767"},"modified":"2013-04-16T13:53:31","modified_gmt":"2013-04-16T16:53:31","slug":"tempo-permanece-seco-e-ensolarado-na-capital-paulista","status":"publish","type":"post","link":"https:\/\/www.redenoticia.com.br\/noticia\/2013\/tempo-permanece-seco-e-ensolarado-na-capital-paulista\/43767","title":{"rendered":"Tempo permanece seco e ensolarado na Capital paulista"},"content":{"rendered":"<p>Nesta \u00e9poca do ano \u00e9 comum a persist\u00eancia do<em><strong> frio<\/strong><\/em> na madrugada e temperaturas agrad\u00e1veis durante as tardes. Com o tempo seco e a umidade do ar baixa deixam o ar mais polu\u00eddo em toda a Regi\u00e3o Metropolitana.<\/p>\n<p>O tempo seco favorece os baixos \u00edndices de umidade relativa do ar em boa parte do Estado de S\u00e3o Paulo, inclusive na Capital. Segundo a meteorologista Elisa Glitzenhirn, a Capital paulista fica em alerta para baixa umidade do ar entre \u00e0s 13h e 15h de hoje. A concentra\u00e7\u00e3o de poluentes aumentam o que prejudica o ar do paulistano.<\/p>\n<p>Chuvas<\/p>\n<p>Pelo menos por enquanto n\u00e3o h\u00e1 previs\u00e3o de chuvas significativas na Capital paulista. \u201cAs simula\u00e7\u00f5es atualizadas nesta ter\u00e7a-feira mostram que deve voltar a chover em S\u00e3o Paulo daqui uns 10 dias\u201d &#8211; comenta o meteorologista Celso Oliveira da Somar. Na semana que vem retorna o calor\u00e3o em S\u00e3o Paulo.<\/p>\n<p>Previs\u00e3o<\/p>\n<p>Pela manh\u00e3 a temperatura fica amena, na casa dos 13\u00baC. Durante \u00e0 tarde, o tempo seco e ensolarado predomina na quarta-feira em toda a Regi\u00e3o Metropolitana de S\u00e3o Paulo. A m\u00e1xima pode chegar aos 23\u00baC. O tempo segue seco e ensolarado at\u00e9 o final desta semana, pela manh\u00e3 ainda faz frio, a temperatura fica na casa dos 13\u00baC. Durante as tardes, o sol eleva as temperaturas, que ficam na casa dos 23\u00baC.<\/p>\n","protected":false},"excerpt":{"rendered":"<p>Nesta \u00e9poca do ano \u00e9 comum a persist\u00eancia do frio na madrugada e temperaturas agrad\u00e1veis durante as tardes. Com o tempo seco e a umidade do ar baixa deixam o ar mais polu\u00eddo em toda a Regi\u00e3o Metropolitana. O tempo seco favorece os baixos \u00edndices de umidade relativa do ar em boa parte do Estado [&hellip;]<\/p>\n","protected":false},"author":3,"featured_media":28409,"comment_status":"open","ping_status":"closed","sticky":false,"template":"","format":"standard","meta":{"_genesis_hide_title":false,"_genesis_hide_breadcrumbs":false,"_genesis_hide_singular_image":false,"_genesis_hide_footer_widgets":false,"_genesis_custom_body_class":"","_genesis_custom_post_class":"","_genesis_layout":"","_jetpack_memberships_contains_paid_content":false,"footnotes":""},"categories":[22,327],"tags":[],"class_list":{"0":"post-43767","1":"post","2":"type-post","3":"status-publish","4":"format-standard","5":"has-post-thumbnail","7":"category-brasil","8":"category-clima","9":"entry","10":"gs-1","11":"gs-odd","12":"gs-even","13":"gs-featured-content-entry"},"jetpack_featured_media_url":"https:\/\/www.redenoticia.com.br\/noticia\/imagens\/previsao-do-tempo-e-temperatura.jpg","jetpack_sharing_enabled":true,"jetpack_likes_enabled":true,"_links":{"self":[{"href":"https:\/\/www.redenoticia.com.br\/noticia\/wp-json\/wp\/v2\/posts\/43767","targetHints":{"allow":["GET"]}}],"collection":[{"href":"https:\/\/www.redenoticia.com.br\/noticia\/wp-json\/wp\/v2\/posts"}],"about":[{"href":"https:\/\/www.redenoticia.com.br\/noticia\/wp-json\/wp\/v2\/types\/post"}],"author":[{"embeddable":true,"href":"https:\/\/www.redenoticia.com.br\/noticia\/wp-json\/wp\/v2\/users\/3"}],"replies":[{"embeddable":true,"href":"https:\/\/www.redenoticia.com.br\/noticia\/wp-json\/wp\/v2\/comments?post=43767"}],"version-history":[{"count":0,"href":"https:\/\/www.redenoticia.com.br\/noticia\/wp-json\/wp\/v2\/posts\/43767\/revisions"}],"wp:featuredmedia":[{"embeddable":true,"href":"https:\/\/www.redenoticia.com.br\/noticia\/wp-json\/wp\/v2\/media\/28409"}],"wp:attachment":[{"href":"https:\/\/www.redenoticia.com.br\/noticia\/wp-json\/wp\/v2\/media?parent=43767"}],"wp:term":[{"taxonomy":"category","embeddable":true,"href":"https:\/\/www.redenoticia.com.br\/noticia\/wp-json\/wp\/v2\/categories?post=43767"},{"taxonomy":"post_tag","embeddable":true,"href":"https:\/\/www.redenoticia.com.br\/noticia\/wp-json\/wp\/v2\/tags?post=43767"}],"curies":[{"name":"wp","href":"https:\/\/api.w.org\/{rel}","templated":true}]}}