{"id":43670,"date":"2013-04-10T14:13:24","date_gmt":"2013-04-10T17:13:24","guid":{"rendered":"http:\/\/www.redenoticia.com.br\/noticia\/?p=43670"},"modified":"2013-04-12T11:24:40","modified_gmt":"2013-04-12T14:24:40","slug":"educacao-no-combate-as-drogas-e-tema-de-concurso-nacional","status":"publish","type":"post","link":"https:\/\/www.redenoticia.com.br\/noticia\/2013\/educacao-no-combate-as-drogas-e-tema-de-concurso-nacional\/43670","title":{"rendered":"Educa\u00e7\u00e3o no combate \u00e0s drogas \u00e9 tema de concurso nacional"},"content":{"rendered":"<p>A Secretaria Nacional de Pol\u00edticas sobre Drogas (Senad) do Minist\u00e9rio da Justi\u00e7a lan\u00e7ou cinco <em><strong>concursos<\/strong><\/em> relacionados \u00e0 preven\u00e7\u00e3o ao uso de drogas. A proposta, que abrange diferentes tipos de m\u00eddia, \u00e9 incentivar a participa\u00e7\u00e3o de estudantes de v\u00e1rios n\u00edveis de ensino e da popula\u00e7\u00e3o em geral. A iniciativa pretende levar \u00e0 escola e \u00e0 sociedade a discuss\u00e3o sobre a preven\u00e7\u00e3o e combate \u00e0s drogas por meio da participa\u00e7\u00e3o de crian\u00e7as, adolescentes, jovens e adultos.<\/p>\n<p>Nas escolas, o tema A Educa\u00e7\u00e3o na Preven\u00e7\u00e3o ao Uso de Drogas pode ser abordado nas categorias cartazes, para alunos do segundo ao quinto ano do ensino fundamental, e v\u00eddeo, para estudantes do sexto ao nono ano do ensino fundamental e do ensino m\u00e9dio. O mesmo tema pode ser explorado pela popula\u00e7\u00e3o em geral nos concursos de fotografia e jingle.<\/p>\n<p>Os estudantes do ensino superior podem participar do 12\u00ba Concurso de Monografia para Estudantes Universit\u00e1rios sobre Drogas e Direitos Humanos.<\/p>\n<p>Haver\u00e1 premia\u00e7\u00e3o em dinheiro, em todas as categorias, para os vencedores em cada regi\u00e3o do pa\u00eds. O concurso de monografias prev\u00ea R$ 6 mil para o primeiro colocado, R$ 4 mil para o segundo e R$ 3 mil para o terceiro. Nos demais concursos, o primeiro colocado levar\u00e1 R$ 3 mil, com exce\u00e7\u00e3o do concurso de cartazes, que oferecer\u00e1 R$ 2 mil, R$ 1,5 mil e R$ 1 mil, respectivamente, para os tr\u00eas primeiros por regi\u00e3o.<\/p>\n<p>Os trabalhos devem ser enviados at\u00e9 10 de maio, como estabelecem os\u00a0<a href=\"http:\/\/www.brasil.gov.br\/crackepossivelvencer\/prevencao\/concursos-1\" target=\"_blank\">editais<\/a>. Mais informa\u00e7\u00f5es na\u00a0<a href=\"http:\/\/portal.mj.gov.br\/main.asp?View=%7bB65AD46B-7869-40ED-B5EC-1652B28565BC%7d&amp;BrowserType=NN&amp;LangID=pt-br&amp;params=itemID%3D%7bADD216C9-40EA-4254-A805-9359D67020BB%7d%3B&amp;UIPartUID=%7b2218FAF9-5230-431C-A9E3-E780D3E67DFE%7d\" target=\"_blank\">p\u00e1gina do Senad<\/a>\u00a0na internet.<\/p>\n<p>Diego Rocha<\/p>\n","protected":false},"excerpt":{"rendered":"<p>A Secretaria Nacional de Pol\u00edticas sobre Drogas (Senad) do Minist\u00e9rio da Justi\u00e7a lan\u00e7ou cinco concursos relacionados \u00e0 preven\u00e7\u00e3o ao uso de drogas. A proposta, que abrange diferentes tipos de m\u00eddia, \u00e9 incentivar a participa\u00e7\u00e3o de estudantes de v\u00e1rios n\u00edveis de ensino e da popula\u00e7\u00e3o em geral. A iniciativa pretende levar \u00e0 escola e \u00e0 sociedade [&hellip;]<\/p>\n","protected":false},"author":3,"featured_media":0,"comment_status":"open","ping_status":"closed","sticky":false,"template":"","format":"standard","meta":{"_genesis_hide_title":false,"_genesis_hide_breadcrumbs":false,"_genesis_hide_singular_image":false,"_genesis_hide_footer_widgets":false,"_genesis_custom_body_class":"","_genesis_custom_post_class":"","_genesis_layout":"","_jetpack_memberships_contains_paid_content":false,"footnotes":""},"categories":[22,352,370],"tags":[],"class_list":{"0":"post-43670","1":"post","2":"type-post","3":"status-publish","4":"format-standard","6":"category-brasil","7":"category-concursos","8":"category-inscricao","9":"entry","10":"gs-1","11":"gs-odd","12":"gs-even","13":"gs-featured-content-entry"},"jetpack_featured_media_url":"","jetpack_sharing_enabled":true,"jetpack_likes_enabled":true,"_links":{"self":[{"href":"https:\/\/www.redenoticia.com.br\/noticia\/wp-json\/wp\/v2\/posts\/43670","targetHints":{"allow":["GET"]}}],"collection":[{"href":"https:\/\/www.redenoticia.com.br\/noticia\/wp-json\/wp\/v2\/posts"}],"about":[{"href":"https:\/\/www.redenoticia.com.br\/noticia\/wp-json\/wp\/v2\/types\/post"}],"author":[{"embeddable":true,"href":"https:\/\/www.redenoticia.com.br\/noticia\/wp-json\/wp\/v2\/users\/3"}],"replies":[{"embeddable":true,"href":"https:\/\/www.redenoticia.com.br\/noticia\/wp-json\/wp\/v2\/comments?post=43670"}],"version-history":[{"count":0,"href":"https:\/\/www.redenoticia.com.br\/noticia\/wp-json\/wp\/v2\/posts\/43670\/revisions"}],"wp:attachment":[{"href":"https:\/\/www.redenoticia.com.br\/noticia\/wp-json\/wp\/v2\/media?parent=43670"}],"wp:term":[{"taxonomy":"category","embeddable":true,"href":"https:\/\/www.redenoticia.com.br\/noticia\/wp-json\/wp\/v2\/categories?post=43670"},{"taxonomy":"post_tag","embeddable":true,"href":"https:\/\/www.redenoticia.com.br\/noticia\/wp-json\/wp\/v2\/tags?post=43670"}],"curies":[{"name":"wp","href":"https:\/\/api.w.org\/{rel}","templated":true}]}}