{"id":4349,"date":"2009-07-01T15:42:13","date_gmt":"2009-07-01T19:42:13","guid":{"rendered":"http:\/\/www.redenoticia.com.br\/noticia\/?p=4349"},"modified":"2009-07-01T15:42:13","modified_gmt":"2009-07-01T19:42:13","slug":"metodista-divulga-hoje-resultado-do-processo-seletivo-2%c2%ba-semestre-de-2009","status":"publish","type":"post","link":"https:\/\/www.redenoticia.com.br\/noticia\/2009\/metodista-divulga-hoje-resultado-do-processo-seletivo-2%c2%ba-semestre-de-2009\/4349","title":{"rendered":"Metodista divulga hoje resultado do Processo Seletivo &#8211; 2\u00ba semestre de 2009"},"content":{"rendered":"<p style=\"margin: 0px;\"><span style=\"font-family: Verdana; font-size: x-small;\"><span style=\"font-size: 10pt; font-family: Verdana;\">A Universidade Metodista de S\u00e3o Paulo divulga hoje,\u00a0<strong><span style=\"font-weight: bold;\">01 de julho de 2009<\/span><\/strong>, o resultado de seu Processo Seletivo &#8211; 2\u00ba semestre de 2009 para os cursos de Gradua\u00e7\u00e3o Presencial. A rela\u00e7\u00e3o de aprovados ser\u00e1 publicada no Portal da Metodista (<a style=\"color: #0000cc;\" title=\"http:\/\/www.metodista.br\/\" href=\"http:\/\/www.metodista.br\/\" target=\"_blank\">http:\/\/www.metodista.br<\/a>),\u00a0<strong><span style=\"font-weight: bold;\">a partir das 18h<\/span><\/strong>.<\/span><\/span><\/p>\n<p style=\"margin: 0px;\"><span style=\"font-family: Verdana; font-size: x-small;\"><span style=\"font-size: 10pt; font-family: Verdana;\"> <\/span><\/span><\/p>\n<p style=\"margin: 0px;\"><span style=\"font-family: Verdana; font-size: x-small;\"><span style=\"font-size: 10pt; font-family: Verdana;\">As matr\u00edculas dos convocados dever\u00e3o ser feitas nos d<\/span><\/span><strong><strong><span style=\"font-family: Verdana;\"><span style=\"font-family: Verdana; font-weight: normal;\">ias 06 e 07 de julho, das 10h \u00e0s 21h<\/span><\/span><\/strong><\/strong><span style=\"font-family: Verdana; font-size: x-small;\"><span style=\"font-size: 10pt; font-family: Verdana;\">, no Campus Rudge Ramos (Rua Planalto 106 \u2013 Rudge Ramos \u2013 S\u00e3o Bernardo do Campo-SP), apresentando, no ato da matr\u00edcula, os documentos obrigat\u00f3rios (confira a lista\u00a0<a style=\"color: #0000cc;\" title=\"http:\/\/www.metodista.br\/vestibular\/presencial\/matriculas\" href=\"http:\/\/www.metodista.br\/vestibular\/presencial\/matriculas\" target=\"_blank\">aqui<\/a>).<\/span><\/span><\/p>\n<p style=\"margin: 0px;\"><span style=\"font-family: Verdana; font-size: x-small;\"><span style=\"font-size: 10pt; font-family: Verdana;\"> <\/span><\/span><\/p>\n<p style=\"margin: 0px;\"><span style=\"font-family: Verdana; font-size: x-small;\"><span style=\"font-size: 10pt; font-family: Verdana;\">Mais informa\u00e7\u00f5es em\u00a0<a style=\"color: #0000cc;\" title=\"http:\/\/www.metodista.br\/vestibular\/presencial\" href=\"http:\/\/www.metodista.br\/vestibular\/presencial\" target=\"_blank\">http:\/\/www.metodista.br\/vestibular\/presencial<\/a><\/span><\/span><\/p>\n","protected":false},"excerpt":{"rendered":"<p>A Universidade Metodista de S\u00e3o Paulo divulga hoje,\u00a001 de julho de 2009, o resultado de seu Processo Seletivo &#8211; 2\u00ba semestre de 2009 para os cursos de Gradua\u00e7\u00e3o Presencial. A rela\u00e7\u00e3o de aprovados ser\u00e1 publicada no Portal da Metodista (http:\/\/www.metodista.br),\u00a0a partir das 18h. As matr\u00edculas dos convocados dever\u00e3o ser feitas nos dias 06 e 07 [&hellip;]<\/p>\n","protected":false},"author":2,"featured_media":0,"comment_status":"open","ping_status":"open","sticky":false,"template":"","format":"standard","meta":{"_genesis_hide_title":false,"_genesis_hide_breadcrumbs":false,"_genesis_hide_singular_image":false,"_genesis_hide_footer_widgets":false,"_genesis_custom_body_class":"","_genesis_custom_post_class":"","_genesis_layout":"","_jetpack_memberships_contains_paid_content":false,"footnotes":""},"categories":[22],"tags":[],"class_list":{"0":"post-4349","1":"post","2":"type-post","3":"status-publish","4":"format-standard","6":"category-brasil","7":"entry","8":"gs-1","9":"gs-odd","10":"gs-even","11":"gs-featured-content-entry"},"jetpack_featured_media_url":"","jetpack_sharing_enabled":true,"jetpack_likes_enabled":true,"_links":{"self":[{"href":"https:\/\/www.redenoticia.com.br\/noticia\/wp-json\/wp\/v2\/posts\/4349","targetHints":{"allow":["GET"]}}],"collection":[{"href":"https:\/\/www.redenoticia.com.br\/noticia\/wp-json\/wp\/v2\/posts"}],"about":[{"href":"https:\/\/www.redenoticia.com.br\/noticia\/wp-json\/wp\/v2\/types\/post"}],"author":[{"embeddable":true,"href":"https:\/\/www.redenoticia.com.br\/noticia\/wp-json\/wp\/v2\/users\/2"}],"replies":[{"embeddable":true,"href":"https:\/\/www.redenoticia.com.br\/noticia\/wp-json\/wp\/v2\/comments?post=4349"}],"version-history":[{"count":0,"href":"https:\/\/www.redenoticia.com.br\/noticia\/wp-json\/wp\/v2\/posts\/4349\/revisions"}],"wp:attachment":[{"href":"https:\/\/www.redenoticia.com.br\/noticia\/wp-json\/wp\/v2\/media?parent=4349"}],"wp:term":[{"taxonomy":"category","embeddable":true,"href":"https:\/\/www.redenoticia.com.br\/noticia\/wp-json\/wp\/v2\/categories?post=4349"},{"taxonomy":"post_tag","embeddable":true,"href":"https:\/\/www.redenoticia.com.br\/noticia\/wp-json\/wp\/v2\/tags?post=4349"}],"curies":[{"name":"wp","href":"https:\/\/api.w.org\/{rel}","templated":true}]}}