{"id":43484,"date":"2013-04-01T11:10:23","date_gmt":"2013-04-01T14:10:23","guid":{"rendered":"http:\/\/www.redenoticia.com.br\/noticia\/?p=43484"},"modified":"2013-04-01T11:10:23","modified_gmt":"2013-04-01T14:10:23","slug":"distrito-federal-comeca-vacinacao-contra-hpv-em-escolas","status":"publish","type":"post","link":"https:\/\/www.redenoticia.com.br\/noticia\/2013\/distrito-federal-comeca-vacinacao-contra-hpv-em-escolas\/43484","title":{"rendered":"Distrito Federal come\u00e7a vacina\u00e7\u00e3o contra HPV em escolas"},"content":{"rendered":"<p>Bras\u00edlia \u2013 Meninas de 11 a 13 anos que estudam em escolas p\u00fablicas e particulares do Distrito Federal (DF) come\u00e7am a ser vacinadas hoje (1\u00ba) contra o papilomav\u00edrus humano (<em><strong>HPV<\/strong><\/em>). A meta \u00e9 imunizar 64 mil alunas at\u00e9 o dia 26 deste m\u00eas.<\/p>\n<p>As estudantes que fazem parte do p\u00fablico-alvo da campanha s\u00f3 poder\u00e3o ser vacinadas mediante a apresenta\u00e7\u00e3o do documento de identidade e do termo de autoriza\u00e7\u00e3o, assinado pelos pais ou por respons\u00e1veis.<\/p>\n<p>A Secretaria de Sa\u00fade ressaltou que para garantir a efetividade da vacina \u00e9 preciso receber as tr\u00eas doses, com intervalo de 60 e 180 dias ap\u00f3s a primeira aplica\u00e7\u00e3o.<\/p>\n<p>O calend\u00e1rio de vacina\u00e7\u00e3o foi elaborado de acordo com o per\u00edodo escolar, respeitando o per\u00edodo de f\u00e9rias. A segunda dose ser\u00e1 aplicada de 3 a 28 de junho e a terceira, entre 30 de setembro e 1\u00ba de novembro.<\/p>\n<p>A vacina protege contra quatro tipos do HPV (6, 11, 16 e 18). A doen\u00e7a \u00e9 a principal causadora do c\u00e2ncer de colo do \u00fatero, que mata cerca de 90 mulheres por ano apenas no DF. O objetivo da campanha \u00e9 assegurar prote\u00e7\u00e3o antes do in\u00edcio da vida sexual, diminuindo as chances de uma futura infec\u00e7\u00e3o.<\/p>\n<p>O governo do Distrito Federal informou que, a partir de 2014, a imuniza\u00e7\u00e3o contra o HPV ser\u00e1 exclusiva para meninas de 11 anos.<\/p>\n<p>Paula Laboissi\u00e8re<br \/>\nRep\u00f3rter da Ag\u00eancia Brasil<br \/>\nEdi\u00e7\u00e3o: Gra\u00e7a Adjuto<br \/>\nAg\u00eancia Brasil<\/p>\n","protected":false},"excerpt":{"rendered":"<p>Bras\u00edlia \u2013 Meninas de 11 a 13 anos que estudam em escolas p\u00fablicas e particulares do Distrito Federal (DF) come\u00e7am a ser vacinadas hoje (1\u00ba) contra o papilomav\u00edrus humano (HPV). A meta \u00e9 imunizar 64 mil alunas at\u00e9 o dia 26 deste m\u00eas. As estudantes que fazem parte do p\u00fablico-alvo da campanha s\u00f3 poder\u00e3o ser [&hellip;]<\/p>\n","protected":false},"author":3,"featured_media":34747,"comment_status":"open","ping_status":"closed","sticky":false,"template":"","format":"standard","meta":{"_genesis_hide_title":false,"_genesis_hide_breadcrumbs":false,"_genesis_hide_singular_image":false,"_genesis_hide_footer_widgets":false,"_genesis_custom_body_class":"","_genesis_custom_post_class":"","_genesis_layout":"","_jetpack_memberships_contains_paid_content":false,"footnotes":""},"categories":[22,5],"tags":[],"class_list":{"0":"post-43484","1":"post","2":"type-post","3":"status-publish","4":"format-standard","5":"has-post-thumbnail","7":"category-brasil","8":"category-saude-e-vida","9":"entry","10":"gs-1","11":"gs-odd","12":"gs-even","13":"gs-featured-content-entry"},"jetpack_featured_media_url":"https:\/\/www.redenoticia.com.br\/noticia\/imagens\/vacina1.jpg","jetpack_sharing_enabled":true,"jetpack_likes_enabled":true,"_links":{"self":[{"href":"https:\/\/www.redenoticia.com.br\/noticia\/wp-json\/wp\/v2\/posts\/43484","targetHints":{"allow":["GET"]}}],"collection":[{"href":"https:\/\/www.redenoticia.com.br\/noticia\/wp-json\/wp\/v2\/posts"}],"about":[{"href":"https:\/\/www.redenoticia.com.br\/noticia\/wp-json\/wp\/v2\/types\/post"}],"author":[{"embeddable":true,"href":"https:\/\/www.redenoticia.com.br\/noticia\/wp-json\/wp\/v2\/users\/3"}],"replies":[{"embeddable":true,"href":"https:\/\/www.redenoticia.com.br\/noticia\/wp-json\/wp\/v2\/comments?post=43484"}],"version-history":[{"count":0,"href":"https:\/\/www.redenoticia.com.br\/noticia\/wp-json\/wp\/v2\/posts\/43484\/revisions"}],"wp:featuredmedia":[{"embeddable":true,"href":"https:\/\/www.redenoticia.com.br\/noticia\/wp-json\/wp\/v2\/media\/34747"}],"wp:attachment":[{"href":"https:\/\/www.redenoticia.com.br\/noticia\/wp-json\/wp\/v2\/media?parent=43484"}],"wp:term":[{"taxonomy":"category","embeddable":true,"href":"https:\/\/www.redenoticia.com.br\/noticia\/wp-json\/wp\/v2\/categories?post=43484"},{"taxonomy":"post_tag","embeddable":true,"href":"https:\/\/www.redenoticia.com.br\/noticia\/wp-json\/wp\/v2\/tags?post=43484"}],"curies":[{"name":"wp","href":"https:\/\/api.w.org\/{rel}","templated":true}]}}