{"id":43481,"date":"2013-04-01T11:03:02","date_gmt":"2013-04-01T14:03:02","guid":{"rendered":"http:\/\/www.redenoticia.com.br\/noticia\/?p=43481"},"modified":"2013-04-02T14:52:48","modified_gmt":"2013-04-02T17:52:48","slug":"usp-abre-inscricoes-para-exame-de-transferencias-20132014","status":"publish","type":"post","link":"https:\/\/www.redenoticia.com.br\/noticia\/2013\/usp-abre-inscricoes-para-exame-de-transferencias-20132014\/43481","title":{"rendered":"USP abre inscri\u00e7\u00f5es para Exame de Transfer\u00eancias 2013\/2014"},"content":{"rendered":"<p>O Exame de <em><strong>Transfer\u00eancia 2013\/2014 da USP<\/strong><\/em> (Universidade de S\u00e3o Paulo) oferecer\u00e1 772 vagas para estudantes de cursos superiores do Brasil e do exterior, inclusive para alunos com matr\u00edcula trancada. Os interessados devem realizar a inscri\u00e7\u00e3o exclusivamente pela internet,\u00a0<a href=\"http:\/\/www.fuvest.br\/\" target=\"_blank\">no site da Fuvest<\/a>\u00a0&#8211; que tamb\u00e9m oferece o Manual de sele\u00e7\u00e3o de candidatos &#8211; entre os dias 1\u00ba e 15 de abril.<\/p>\n<p>O preenchimento das vagas ser\u00e1 feito em duas etapas. A primeira, de responsabilidade da Fuvest, selecionar\u00e1 candidatos para cursos da \u00e1rea de Biol\u00f3gicas (132 vagas), Exatas (481) e Humanidades (159). Na segunda etapa, os aprovados far\u00e3o uma prova na escola que ministra o curso escolhido pelo candidato.<\/p>\n<p>A taxa de inscri\u00e7\u00e3o \u00e9 de R$ 130 e dever\u00e1 ser paga na rede banc\u00e1ria at\u00e9 o dia 16 de abril, usando o boleto gerado e impresso no ato de inscri\u00e7\u00e3o.<\/p>\n<p>SERVI\u00c7O<br \/>\nExame de Transfer\u00eancia 2013\/2014 da USP<br \/>\nInscri\u00e7\u00f5es de 1\u00ba a 15 de abril<br \/>\nTaxa: R$ 130<br \/>\n<a href=\"http:\/\/www.fuvest.br\/\" target=\"_blank\">www.fuvest.br<\/a><\/p>\n<p>Do Portal do Governo do Estado<\/p>\n","protected":false},"excerpt":{"rendered":"<p>O Exame de Transfer\u00eancia 2013\/2014 da USP (Universidade de S\u00e3o Paulo) oferecer\u00e1 772 vagas para estudantes de cursos superiores do Brasil e do exterior, inclusive para alunos com matr\u00edcula trancada. Os interessados devem realizar a inscri\u00e7\u00e3o exclusivamente pela internet,\u00a0no site da Fuvest\u00a0&#8211; que tamb\u00e9m oferece o Manual de sele\u00e7\u00e3o de candidatos &#8211; entre os dias [&hellip;]<\/p>\n","protected":false},"author":3,"featured_media":36244,"comment_status":"open","ping_status":"closed","sticky":false,"template":"","format":"standard","meta":{"_genesis_hide_title":false,"_genesis_hide_breadcrumbs":false,"_genesis_hide_singular_image":false,"_genesis_hide_footer_widgets":false,"_genesis_custom_body_class":"","_genesis_custom_post_class":"","_genesis_layout":"","_jetpack_memberships_contains_paid_content":false,"footnotes":""},"categories":[22,370,295],"tags":[],"class_list":{"0":"post-43481","1":"post","2":"type-post","3":"status-publish","4":"format-standard","5":"has-post-thumbnail","7":"category-brasil","8":"category-inscricao","9":"category-vestibular","10":"entry","11":"gs-1","12":"gs-odd","13":"gs-even","14":"gs-featured-content-entry"},"jetpack_featured_media_url":"https:\/\/www.redenoticia.com.br\/noticia\/imagens\/aluno-vestibular.jpg","jetpack_sharing_enabled":true,"jetpack_likes_enabled":true,"_links":{"self":[{"href":"https:\/\/www.redenoticia.com.br\/noticia\/wp-json\/wp\/v2\/posts\/43481","targetHints":{"allow":["GET"]}}],"collection":[{"href":"https:\/\/www.redenoticia.com.br\/noticia\/wp-json\/wp\/v2\/posts"}],"about":[{"href":"https:\/\/www.redenoticia.com.br\/noticia\/wp-json\/wp\/v2\/types\/post"}],"author":[{"embeddable":true,"href":"https:\/\/www.redenoticia.com.br\/noticia\/wp-json\/wp\/v2\/users\/3"}],"replies":[{"embeddable":true,"href":"https:\/\/www.redenoticia.com.br\/noticia\/wp-json\/wp\/v2\/comments?post=43481"}],"version-history":[{"count":0,"href":"https:\/\/www.redenoticia.com.br\/noticia\/wp-json\/wp\/v2\/posts\/43481\/revisions"}],"wp:featuredmedia":[{"embeddable":true,"href":"https:\/\/www.redenoticia.com.br\/noticia\/wp-json\/wp\/v2\/media\/36244"}],"wp:attachment":[{"href":"https:\/\/www.redenoticia.com.br\/noticia\/wp-json\/wp\/v2\/media?parent=43481"}],"wp:term":[{"taxonomy":"category","embeddable":true,"href":"https:\/\/www.redenoticia.com.br\/noticia\/wp-json\/wp\/v2\/categories?post=43481"},{"taxonomy":"post_tag","embeddable":true,"href":"https:\/\/www.redenoticia.com.br\/noticia\/wp-json\/wp\/v2\/tags?post=43481"}],"curies":[{"name":"wp","href":"https:\/\/api.w.org\/{rel}","templated":true}]}}