{"id":43213,"date":"2013-03-20T19:36:49","date_gmt":"2013-03-20T22:36:49","guid":{"rendered":"http:\/\/www.redenoticia.com.br\/noticia\/?p=43213"},"modified":"2013-03-20T19:36:49","modified_gmt":"2013-03-20T22:36:49","slug":"tempo-permanece-instavel-no-sudeste","status":"publish","type":"post","link":"https:\/\/www.redenoticia.com.br\/noticia\/2013\/tempo-permanece-instavel-no-sudeste\/43213","title":{"rendered":"Tempo permanece inst\u00e1vel no Sudeste"},"content":{"rendered":"<p>A frente fria que provocou muita chuva e transtornos no Sudeste nos \u00faltimos dias come\u00e7a a se afastar para o oceano. Na quinta-feira h\u00e1 <em><strong>previs\u00e3o<\/strong><\/em> de pancadas de chuva no Estado de S\u00e3o Paulo, inclusive no litoral sul e Baixada Santista, regi\u00f5es j\u00e1 castigadas pelas chuvas do fim de semana, al\u00e9m da metade oeste de Minas Gerais e parte do Rio de Janeiro. As temperaturas come\u00e7am a subir lentamente e a previs\u00e3o, de uma forma geral, \u00e9 de uma madrugada e tarde com temperaturas ligeiramente superiores \u00e0s registradas nos \u00faltimos dias.<\/p>\n<p>Na sexta-feira, a passagem de uma nova frente fria no litoral do Sudeste volta a aumentar as instabilidades na Regi\u00e3o e provoca chuva no Rio de Janeiro, na maior parte de Minas Gerais e S\u00e3o Paulo e no sul do Esp\u00edrito Santo. E como o solo j\u00e1 est\u00e1 bastante encharcado, o potencial para transtornos \u00e9 grande. E junto com a chuva, h\u00e1 o risco de novas descargas el\u00e9tricas e temporais. As temperaturas da madrugada seguem em eleva\u00e7\u00e3o e com a presen\u00e7a do sol durante boa parte do dia, volta a fazer calor na maior parte da Regi\u00e3o.<\/p>\n<p>E as precipita\u00e7\u00f5es n\u00e3o d\u00e3o tr\u00e9gua no fim de semana. No s\u00e1bado, a chuva fica concentrada mais ao norte e leste da Regi\u00e3o com novos temporais atingindo Vit\u00f3ria. No domingo, a chuva continua concentrada na metade norte e, desta vez, o destaque vai para o norte mineiro, onde h\u00e1 previs\u00e3o de temporais mais generalizados. De acordo com os meteorologistas da Somar, essa condi\u00e7\u00e3o de tempo permanece na pr\u00f3xima semana, com temporais mais intensos sobre Minas Gerais e potencial para transtornos em Belo Horizonte.<\/p>\n","protected":false},"excerpt":{"rendered":"<p>A frente fria que provocou muita chuva e transtornos no Sudeste nos \u00faltimos dias come\u00e7a a se afastar para o oceano. Na quinta-feira h\u00e1 previs\u00e3o de pancadas de chuva no Estado de S\u00e3o Paulo, inclusive no litoral sul e Baixada Santista, regi\u00f5es j\u00e1 castigadas pelas chuvas do fim de semana, al\u00e9m da metade oeste de [&hellip;]<\/p>\n","protected":false},"author":3,"featured_media":28409,"comment_status":"open","ping_status":"closed","sticky":false,"template":"","format":"standard","meta":{"_genesis_hide_title":false,"_genesis_hide_breadcrumbs":false,"_genesis_hide_singular_image":false,"_genesis_hide_footer_widgets":false,"_genesis_custom_body_class":"","_genesis_custom_post_class":"","_genesis_layout":"","_jetpack_memberships_contains_paid_content":false,"footnotes":""},"categories":[22,327],"tags":[],"class_list":{"0":"post-43213","1":"post","2":"type-post","3":"status-publish","4":"format-standard","5":"has-post-thumbnail","7":"category-brasil","8":"category-clima","9":"entry","10":"gs-1","11":"gs-odd","12":"gs-even","13":"gs-featured-content-entry"},"jetpack_featured_media_url":"https:\/\/www.redenoticia.com.br\/noticia\/imagens\/previsao-do-tempo-e-temperatura.jpg","jetpack_sharing_enabled":true,"jetpack_likes_enabled":true,"_links":{"self":[{"href":"https:\/\/www.redenoticia.com.br\/noticia\/wp-json\/wp\/v2\/posts\/43213","targetHints":{"allow":["GET"]}}],"collection":[{"href":"https:\/\/www.redenoticia.com.br\/noticia\/wp-json\/wp\/v2\/posts"}],"about":[{"href":"https:\/\/www.redenoticia.com.br\/noticia\/wp-json\/wp\/v2\/types\/post"}],"author":[{"embeddable":true,"href":"https:\/\/www.redenoticia.com.br\/noticia\/wp-json\/wp\/v2\/users\/3"}],"replies":[{"embeddable":true,"href":"https:\/\/www.redenoticia.com.br\/noticia\/wp-json\/wp\/v2\/comments?post=43213"}],"version-history":[{"count":0,"href":"https:\/\/www.redenoticia.com.br\/noticia\/wp-json\/wp\/v2\/posts\/43213\/revisions"}],"wp:featuredmedia":[{"embeddable":true,"href":"https:\/\/www.redenoticia.com.br\/noticia\/wp-json\/wp\/v2\/media\/28409"}],"wp:attachment":[{"href":"https:\/\/www.redenoticia.com.br\/noticia\/wp-json\/wp\/v2\/media?parent=43213"}],"wp:term":[{"taxonomy":"category","embeddable":true,"href":"https:\/\/www.redenoticia.com.br\/noticia\/wp-json\/wp\/v2\/categories?post=43213"},{"taxonomy":"post_tag","embeddable":true,"href":"https:\/\/www.redenoticia.com.br\/noticia\/wp-json\/wp\/v2\/tags?post=43213"}],"curies":[{"name":"wp","href":"https:\/\/api.w.org\/{rel}","templated":true}]}}