{"id":43172,"date":"2013-03-19T10:33:31","date_gmt":"2013-03-19T13:33:31","guid":{"rendered":"http:\/\/www.redenoticia.com.br\/noticia\/?p=43172"},"modified":"2013-03-19T16:36:09","modified_gmt":"2013-03-19T19:36:09","slug":"sus-baixa-para-16-anos-idade-minima-para-cirurgia-bariatrica","status":"publish","type":"post","link":"https:\/\/www.redenoticia.com.br\/noticia\/2013\/sus-baixa-para-16-anos-idade-minima-para-cirurgia-bariatrica\/43172","title":{"rendered":"SUS baixa para 16 anos idade m\u00ednima para cirurgia bari\u00e1trica"},"content":{"rendered":"<p>Bras\u00edlia &#8211; O Minist\u00e9rio da Sa\u00fade alterou os limites de idade para quem fizer <em><strong>cirurgia bari\u00e1trica<\/strong><\/em> pelo Sistema \u00danico de Sa\u00fade (SUS). Portaria assinada hoje (19) pelo ministro da Sa\u00fade, Alexandre Padilha, reduz de 18 anos para 16 anos a idade m\u00ednima, desde que o paciente corra risco de sa\u00fade por causa da obesidade. A decis\u00e3o foi tomada ap\u00f3s estudos apontarem aumento no n\u00famero de adolescentes obesos.<\/p>\n<p>A Pesquisa de Or\u00e7amento Familiar de 2009 (POF) apontou que 21,7% dos brasileiros na faixa de 10 a 19 anos t\u00eam excesso de peso. Em 1970, o \u00edndice estava em 3,7%.<\/p>\n<p>Antes de fazer a cirurgia, os jovens ter\u00e3o de passar por uma avalia\u00e7\u00e3o cl\u00ednica. No prontu\u00e1rio, dever\u00e3o constar a an\u00e1lise da idade \u00f3ssea e avalia\u00e7\u00e3o criteriosa do risco-benef\u00edcio, feita por uma equipe com participa\u00e7\u00e3o de dois m\u00e9dicos especialistas. \u201cO que \u00e9 mais importante \u00e9 a avalia\u00e7\u00e3o cl\u00ednica feita pelo m\u00e9dico\u201d, destacou Padilha.<\/p>\n<p>A idade m\u00e1xima, at\u00e9 ent\u00e3o 65 anos, tamb\u00e9m foi alterada. Com a portaria, a defini\u00e7\u00e3o se o paciente deve se submeter \u00e0 cirurgia n\u00e3o ser\u00e1 tomada com base na idade, mas levando em conta a avalia\u00e7\u00e3o cl\u00ednica (risco-beneficio), podendo ultrapassar o limite atualmente estabelecido.<\/p>\n<p>Em outubro de 2012, o minist\u00e9rio colocou as novas regras em consulta p\u00fablica.<\/p>\n<p>Aline Leal<br \/>\nRep\u00f3rter da Ag\u00eancia Brasil<br \/>\nEdi\u00e7\u00e3o: Carolina Pimentel<\/p>\n","protected":false},"excerpt":{"rendered":"<p>Bras\u00edlia &#8211; O Minist\u00e9rio da Sa\u00fade alterou os limites de idade para quem fizer cirurgia bari\u00e1trica pelo Sistema \u00danico de Sa\u00fade (SUS). Portaria assinada hoje (19) pelo ministro da Sa\u00fade, Alexandre Padilha, reduz de 18 anos para 16 anos a idade m\u00ednima, desde que o paciente corra risco de sa\u00fade por causa da obesidade. A [&hellip;]<\/p>\n","protected":false},"author":3,"featured_media":37376,"comment_status":"open","ping_status":"closed","sticky":false,"template":"","format":"standard","meta":{"_genesis_hide_title":false,"_genesis_hide_breadcrumbs":false,"_genesis_hide_singular_image":false,"_genesis_hide_footer_widgets":false,"_genesis_custom_body_class":"","_genesis_custom_post_class":"","_genesis_layout":"","_jetpack_memberships_contains_paid_content":false,"footnotes":""},"categories":[22,5],"tags":[],"class_list":{"0":"post-43172","1":"post","2":"type-post","3":"status-publish","4":"format-standard","5":"has-post-thumbnail","7":"category-brasil","8":"category-saude-e-vida","9":"entry","10":"gs-1","11":"gs-odd","12":"gs-even","13":"gs-featured-content-entry"},"jetpack_featured_media_url":"https:\/\/www.redenoticia.com.br\/noticia\/imagens\/saude-doutor.jpg","jetpack_sharing_enabled":true,"jetpack_likes_enabled":true,"_links":{"self":[{"href":"https:\/\/www.redenoticia.com.br\/noticia\/wp-json\/wp\/v2\/posts\/43172","targetHints":{"allow":["GET"]}}],"collection":[{"href":"https:\/\/www.redenoticia.com.br\/noticia\/wp-json\/wp\/v2\/posts"}],"about":[{"href":"https:\/\/www.redenoticia.com.br\/noticia\/wp-json\/wp\/v2\/types\/post"}],"author":[{"embeddable":true,"href":"https:\/\/www.redenoticia.com.br\/noticia\/wp-json\/wp\/v2\/users\/3"}],"replies":[{"embeddable":true,"href":"https:\/\/www.redenoticia.com.br\/noticia\/wp-json\/wp\/v2\/comments?post=43172"}],"version-history":[{"count":0,"href":"https:\/\/www.redenoticia.com.br\/noticia\/wp-json\/wp\/v2\/posts\/43172\/revisions"}],"wp:featuredmedia":[{"embeddable":true,"href":"https:\/\/www.redenoticia.com.br\/noticia\/wp-json\/wp\/v2\/media\/37376"}],"wp:attachment":[{"href":"https:\/\/www.redenoticia.com.br\/noticia\/wp-json\/wp\/v2\/media?parent=43172"}],"wp:term":[{"taxonomy":"category","embeddable":true,"href":"https:\/\/www.redenoticia.com.br\/noticia\/wp-json\/wp\/v2\/categories?post=43172"},{"taxonomy":"post_tag","embeddable":true,"href":"https:\/\/www.redenoticia.com.br\/noticia\/wp-json\/wp\/v2\/tags?post=43172"}],"curies":[{"name":"wp","href":"https:\/\/api.w.org\/{rel}","templated":true}]}}