{"id":43019,"date":"2013-03-12T14:06:24","date_gmt":"2013-03-12T17:06:24","guid":{"rendered":"http:\/\/www.redenoticia.com.br\/noticia\/?p=43019"},"modified":"2013-03-12T14:06:24","modified_gmt":"2013-03-12T17:06:24","slug":"suspensao-de-pagamentos-do-governo-do-rio-afeta-universidades-publicas","status":"publish","type":"post","link":"https:\/\/www.redenoticia.com.br\/noticia\/2013\/suspensao-de-pagamentos-do-governo-do-rio-afeta-universidades-publicas\/43019","title":{"rendered":"Suspens\u00e3o de pagamentos do governo do Rio afeta universidades p\u00fablicas"},"content":{"rendered":"<p>Rio de Janeiro \u2013 A decis\u00e3o do governador S\u00e9rgio Cabral de suspender os <em><strong>pagamentos da administra\u00e7\u00e3o do Rio<\/strong><\/em> at\u00e9 que o Supremo Tribunal Federal (STF) se pronuncie sobre a nova lei de distribui\u00e7\u00e3o dos royalties de petr\u00f3leo est\u00e1 afetando as atividades do sistema estadual de ensino superior, segundo alegam as universidades, que reclamam da falta de repasse dos recursos.<\/p>\n<p>Ontem (11) \u00e0 noite, o governador S\u00e9rgio Cabral divulgou nota informando que os pagamentos \u00e0s \u00e1reas de educa\u00e7\u00e3o e sa\u00fade ser\u00e3o retomados no pr\u00f3ximo dia 18. Al\u00e9m disso, a Secretaria Estadual de Ci\u00eancia e Tecnologia, respons\u00e1vel pelas universidades, garantiu que os pagamentos ser\u00e3o feitos at\u00e9 amanh\u00e3 (13), e que n\u00e3o houve anormalidade por conta dos royalties, j\u00e1 que a ordem de pagamento foi feita no dia 8 de mar\u00e7o.<\/p>\n<p>A secretaria ainda destacou, por meio de nota tamb\u00e9m divulgada ontem, que os servidores p\u00fablicos n\u00e3o ser\u00e3o afetados pelos cortes. No comunicado, foi garantido que os bolsistas e professores substitutos tamb\u00e9m continuar\u00e3o recebendo.<\/p>\n<p>As universidades estaduais, no entanto, v\u00eam reclamando da falta de recursos. Na Universidade Estadual do Norte Fluminense Darcy Ribeiro (Uenf), o chefe de gabinete da reitoria, Manuel Vazquez, informou hoje (12) \u00e0 Ag\u00eancia Brasil que a institui\u00e7\u00e3o est\u00e1 sem verba para a compra de materiais de consumo. Segundo ele, os processos licitat\u00f3rios foram paralisados.<\/p>\n<p>O chefe de gabinete atribui o problema \u00e0 suspens\u00e3o de pagamentos ordenada no \u00faltimo dia 7 pela Secretaria Estadual de Fazenda, que bloqueou, segundo ele, os empenhos da Uenf . Ele disse que o an\u00fancio do governador de retomada dos repasses n\u00e3o garante a normaliza\u00e7\u00e3o das atividades.<\/p>\n<p>&#8220;Ainda n\u00e3o temos clareza do que significa essa fala. Antes dos royalties, j\u00e1 havia um contingenciamento de recursos. N\u00e3o sabemos se 100% ser\u00e3o liberados. Ainda n\u00e3o houve um detalhamento&#8221;, garantiu.<\/p>\n<p>Na Universidade do Estado do Rio de Janeiro (Uerj), a Associa\u00e7\u00e3o dos Docentes (Asduerj) se queixa de que os pagamentos a professores substitutos, bolsistas e t\u00e9cnicos administrativos contratados n\u00e3o ocorreram no prazo habitual neste m\u00eas. Segundo a Asduerj, os pagamentos costumam ser feitos a partir do dia 10. A associa\u00e7\u00e3o marcou uma assembleia para a pr\u00f3xima quinta-feira (14).<\/p>\n<p>Em nota, no dia 7, o reitor da Uerj, Ricardo Vieiralves, disse que os empenhos da universidade estavam bloqueados e que a reitoria estava em negocia\u00e7\u00e3o com o governo do estado para normalizar a situa\u00e7\u00e3o.<\/p>\n<p>Ao suspender os pagamentos, no dia 7, a Secretaria Estadual de Fazenda (Sefaz) justificou em nota que \u201ctal provid\u00eancia se imp\u00f5e em face da possibilidade de redu\u00e7\u00e3o significativa das receitas de royalties j\u00e1 no pr\u00f3ximo dia 12\u201d. Segundo informou, os pagamentos est\u00e3o suspensos \u201cat\u00e9 que se tenha clareza do fluxo de recursos com que o estado poder\u00e1 efetivamente contar para honrar seus compromissos&#8221;.<\/p>\n<p>Na nota, a Sefaz garantiu ainda que os cortes afetar\u00e3o despesas de custeio e investimentos em valor mensal de R$ 470 milh\u00f5es, mas n\u00e3o prejudicam a folha de ativos e inativos (R$ 1,7 bilh\u00e3o) e as transfer\u00eancias para munic\u00edpios (R$ 922 milh\u00f5es).<\/p>\n<p>Vin\u00edcius Lisboa<br \/>\nRep\u00f3rter da Ag\u00eancia Brasil<br \/>\nEdi\u00e7\u00e3o: Davi Oliveira<\/p>\n","protected":false},"excerpt":{"rendered":"<p>Rio de Janeiro \u2013 A decis\u00e3o do governador S\u00e9rgio Cabral de suspender os pagamentos da administra\u00e7\u00e3o do Rio at\u00e9 que o Supremo Tribunal Federal (STF) se pronuncie sobre a nova lei de distribui\u00e7\u00e3o dos royalties de petr\u00f3leo est\u00e1 afetando as atividades do sistema estadual de ensino superior, segundo alegam as universidades, que reclamam da falta [&hellip;]<\/p>\n","protected":false},"author":3,"featured_media":34749,"comment_status":"open","ping_status":"closed","sticky":false,"template":"","format":"standard","meta":{"_genesis_hide_title":false,"_genesis_hide_breadcrumbs":false,"_genesis_hide_singular_image":false,"_genesis_hide_footer_widgets":false,"_genesis_custom_body_class":"","_genesis_custom_post_class":"","_genesis_layout":"","_jetpack_memberships_contains_paid_content":false,"footnotes":""},"categories":[22,7],"tags":[],"class_list":{"0":"post-43019","1":"post","2":"type-post","3":"status-publish","4":"format-standard","5":"has-post-thumbnail","7":"category-brasil","8":"category-economia","9":"entry","10":"gs-1","11":"gs-odd","12":"gs-even","13":"gs-featured-content-entry"},"jetpack_featured_media_url":"https:\/\/www.redenoticia.com.br\/noticia\/imagens\/professor1.jpg","jetpack_sharing_enabled":true,"jetpack_likes_enabled":true,"_links":{"self":[{"href":"https:\/\/www.redenoticia.com.br\/noticia\/wp-json\/wp\/v2\/posts\/43019","targetHints":{"allow":["GET"]}}],"collection":[{"href":"https:\/\/www.redenoticia.com.br\/noticia\/wp-json\/wp\/v2\/posts"}],"about":[{"href":"https:\/\/www.redenoticia.com.br\/noticia\/wp-json\/wp\/v2\/types\/post"}],"author":[{"embeddable":true,"href":"https:\/\/www.redenoticia.com.br\/noticia\/wp-json\/wp\/v2\/users\/3"}],"replies":[{"embeddable":true,"href":"https:\/\/www.redenoticia.com.br\/noticia\/wp-json\/wp\/v2\/comments?post=43019"}],"version-history":[{"count":0,"href":"https:\/\/www.redenoticia.com.br\/noticia\/wp-json\/wp\/v2\/posts\/43019\/revisions"}],"wp:featuredmedia":[{"embeddable":true,"href":"https:\/\/www.redenoticia.com.br\/noticia\/wp-json\/wp\/v2\/media\/34749"}],"wp:attachment":[{"href":"https:\/\/www.redenoticia.com.br\/noticia\/wp-json\/wp\/v2\/media?parent=43019"}],"wp:term":[{"taxonomy":"category","embeddable":true,"href":"https:\/\/www.redenoticia.com.br\/noticia\/wp-json\/wp\/v2\/categories?post=43019"},{"taxonomy":"post_tag","embeddable":true,"href":"https:\/\/www.redenoticia.com.br\/noticia\/wp-json\/wp\/v2\/tags?post=43019"}],"curies":[{"name":"wp","href":"https:\/\/api.w.org\/{rel}","templated":true}]}}