{"id":43017,"date":"2013-03-12T14:01:24","date_gmt":"2013-03-12T17:01:24","guid":{"rendered":"http:\/\/www.redenoticia.com.br\/noticia\/?p=43017"},"modified":"2013-03-12T14:01:24","modified_gmt":"2013-03-12T17:01:24","slug":"intencao-de-consumo-das-familias-paulistanas","status":"publish","type":"post","link":"https:\/\/www.redenoticia.com.br\/noticia\/2013\/intencao-de-consumo-das-familias-paulistanas\/43017","title":{"rendered":"Inten\u00e7\u00e3o de consumo das fam\u00edlias paulistanas"},"content":{"rendered":"<p>S\u00e3o Paulo \u2013 O <em><strong>\u00cdndice de Inten\u00e7\u00e3o de Consumo<\/strong> <\/em>das Fam\u00edlias (ICF), medido pela Federa\u00e7\u00e3o do Com\u00e9rcio de Bens, Servi\u00e7os e Turismo do Estado de S\u00e3o Paulo (FecomercioSP), diminuiu 0,9% em fevereiro, atingindo 135,5 pontos. \u00c9 a nona queda em 12 meses e a pontua\u00e7\u00e3o mais baixa desde 2010.<\/p>\n<p>O fator que mais influenciou o resultado \u00e9 a insatisfa\u00e7\u00e3o dos consultados com o n\u00edvel de consumo atual, que sofreu uma redu\u00e7\u00e3o de 6,3% na compara\u00e7\u00e3o com janeiro e chegou a 97,4 pontos. De acordo com a FecomercioSP, essa medi\u00e7\u00e3o mostra que a maior parte das fam\u00edlias est\u00e1 gastando menos do que em igual per\u00edodo do ano passado.<\/p>\n<p>Um dos principais motivos \u00e9 a infla\u00e7\u00e3o, que reduziu o poder de compra e afetou sobretudo o consumo de alimentos, com alta de 11% no per\u00edodo de janeiro de 2012 a janeiro de 2013, bem acima da varia\u00e7\u00e3o do \u00cdndice Nacional de Pre\u00e7os ao Consumidor Amplo (IPCA) com aumento de 6,2%.<\/p>\n<p>No quesito satisfa\u00e7\u00e3o com a renda, houve queda de 1,2%, com 151,8 pontos. Em rela\u00e7\u00e3o \u00e0 perspectiva de consumo, a medi\u00e7\u00e3o indicou alta de 5,7%, com 126,4 pontos. Na avalia\u00e7\u00e3o da FecomercioSP, o pagamento das contas t\u00edpicas de come\u00e7o do ano levou \u00e0 redu\u00e7\u00e3o da inten\u00e7\u00e3o do consumo, mas a entidade prev\u00ea uma retomada para os pr\u00f3ximos meses.<\/p>\n<p>Para a Fecomercio, apesar de ter ocorrido um recuo nas taxas de juros, o consumidor est\u00e1 mais cauteloso na busca por cr\u00e9dito e em assumir d\u00edvidas de longo prazo. Foi constatada retra\u00e7\u00e3o de 7% no n\u00edvel de satisfa\u00e7\u00e3o com o acesso ao cr\u00e9dito, que atingiu 151,1 pontos.<\/p>\n<p>J\u00e1 no quesito emprego atual, houve queda de 2,3%. No que se refere \u00e0 perspectiva profissional, a retra\u00e7\u00e3o chegou a 4,3%, o que \u00e9 atribu\u00eddo a incertezas no cen\u00e1rio econ\u00f4mico. Al\u00e9m disso, a entidade aponta que o reajuste da gasolina e o fim dos est\u00edmulos fiscais por meio de descontos do Imposto sobre Produtos Industrializados (IPI) v\u00e3o influir na queda do ICF.<\/p>\n<p>Marli Moreira<br \/>\nRep\u00f3rter da Ag\u00eancia Brasil<br \/>\nEdi\u00e7\u00e3o: Juliana Andrade<\/p>\n","protected":false},"excerpt":{"rendered":"<p>S\u00e3o Paulo \u2013 O \u00cdndice de Inten\u00e7\u00e3o de Consumo das Fam\u00edlias (ICF), medido pela Federa\u00e7\u00e3o do Com\u00e9rcio de Bens, Servi\u00e7os e Turismo do Estado de S\u00e3o Paulo (FecomercioSP), diminuiu 0,9% em fevereiro, atingindo 135,5 pontos. \u00c9 a nona queda em 12 meses e a pontua\u00e7\u00e3o mais baixa desde 2010. O fator que mais influenciou o [&hellip;]<\/p>\n","protected":false},"author":3,"featured_media":40734,"comment_status":"open","ping_status":"closed","sticky":false,"template":"","format":"standard","meta":{"_genesis_hide_title":false,"_genesis_hide_breadcrumbs":false,"_genesis_hide_singular_image":false,"_genesis_hide_footer_widgets":false,"_genesis_custom_body_class":"","_genesis_custom_post_class":"","_genesis_layout":"","_jetpack_memberships_contains_paid_content":false,"footnotes":""},"categories":[22,7],"tags":[],"class_list":{"0":"post-43017","1":"post","2":"type-post","3":"status-publish","4":"format-standard","5":"has-post-thumbnail","7":"category-brasil","8":"category-economia","9":"entry","10":"gs-1","11":"gs-odd","12":"gs-even","13":"gs-featured-content-entry"},"jetpack_featured_media_url":"https:\/\/www.redenoticia.com.br\/noticia\/imagens\/economia-resultados.jpg","jetpack_sharing_enabled":true,"jetpack_likes_enabled":true,"_links":{"self":[{"href":"https:\/\/www.redenoticia.com.br\/noticia\/wp-json\/wp\/v2\/posts\/43017","targetHints":{"allow":["GET"]}}],"collection":[{"href":"https:\/\/www.redenoticia.com.br\/noticia\/wp-json\/wp\/v2\/posts"}],"about":[{"href":"https:\/\/www.redenoticia.com.br\/noticia\/wp-json\/wp\/v2\/types\/post"}],"author":[{"embeddable":true,"href":"https:\/\/www.redenoticia.com.br\/noticia\/wp-json\/wp\/v2\/users\/3"}],"replies":[{"embeddable":true,"href":"https:\/\/www.redenoticia.com.br\/noticia\/wp-json\/wp\/v2\/comments?post=43017"}],"version-history":[{"count":0,"href":"https:\/\/www.redenoticia.com.br\/noticia\/wp-json\/wp\/v2\/posts\/43017\/revisions"}],"wp:featuredmedia":[{"embeddable":true,"href":"https:\/\/www.redenoticia.com.br\/noticia\/wp-json\/wp\/v2\/media\/40734"}],"wp:attachment":[{"href":"https:\/\/www.redenoticia.com.br\/noticia\/wp-json\/wp\/v2\/media?parent=43017"}],"wp:term":[{"taxonomy":"category","embeddable":true,"href":"https:\/\/www.redenoticia.com.br\/noticia\/wp-json\/wp\/v2\/categories?post=43017"},{"taxonomy":"post_tag","embeddable":true,"href":"https:\/\/www.redenoticia.com.br\/noticia\/wp-json\/wp\/v2\/tags?post=43017"}],"curies":[{"name":"wp","href":"https:\/\/api.w.org\/{rel}","templated":true}]}}