{"id":42945,"date":"2013-03-07T17:58:20","date_gmt":"2013-03-07T20:58:20","guid":{"rendered":"http:\/\/www.redenoticia.com.br\/noticia\/?p=42945"},"modified":"2013-03-07T17:58:20","modified_gmt":"2013-03-07T20:58:20","slug":"condicao-tipica-de-verao-predomina-no-rio-de-janeiro","status":"publish","type":"post","link":"https:\/\/www.redenoticia.com.br\/noticia\/2013\/condicao-tipica-de-verao-predomina-no-rio-de-janeiro\/42945","title":{"rendered":"Condi\u00e7\u00e3o t\u00edpica de ver\u00e3o predomina no Rio de Janeiro"},"content":{"rendered":"<p>De acordo com os <em><strong>meteorologistas<\/strong> <\/em>da Somar, a sexta-feira ser\u00e1 mais um dia t\u00edpico de ver\u00e3o em todo o Estado. A presen\u00e7a de sol durante a maior parte do dia garante uma tarde quente em todo o Rio de Janeiro, com m\u00e1xima de 37\u00b0C na Capital. No fim da tarde, por conta do calor e da presen\u00e7a de umidade, nuvens mais carregadas se formam e provocam chuvas na forma de pancadas r\u00e1pidas e isoladas em boa parte do Rio de Janeiro, com risco de temporais no sul do Estado.<\/p>\n<p>No s\u00e1bado, o sol aparece na maior parte do dia e o tempo fica aproveit\u00e1vel para atividades de lazer ao ar livre. Por conta do calor\u00e3o e do alto \u00edndice ultravioleta, a popula\u00e7\u00e3o n\u00e3o deve se descuidar da sa\u00fade, e o recomendado \u00e9 que bebam bastante \u00e1gua e usem o protetor solar. Mas no fim da tarde, novas \u00e1reas de instabilidade avan\u00e7am sobre o Estado e provocam chuva isolada e h\u00e1 risco de temporais isolados.<\/p>\n<p>Por conta do avan\u00e7o de instabilidades, o domingo j\u00e1 come\u00e7a com risco de chuva forte e temporais na regi\u00e3o de divisa com Minas Gerais. No decorrer do dia o sol predomina e deixa o dia bastante aproveit\u00e1vel e abafado. Entre o final da tarde e a noite nuvens mais carregadas se formam novamente e provocam pancadas de chuva em todo o Estado e devido ao calor n\u00e3o se descarta a ocorr\u00eancia de temporais isolados, trovoadas e ventos fortes.<\/p>\n","protected":false},"excerpt":{"rendered":"<p>De acordo com os meteorologistas da Somar, a sexta-feira ser\u00e1 mais um dia t\u00edpico de ver\u00e3o em todo o Estado. A presen\u00e7a de sol durante a maior parte do dia garante uma tarde quente em todo o Rio de Janeiro, com m\u00e1xima de 37\u00b0C na Capital. No fim da tarde, por conta do calor e [&hellip;]<\/p>\n","protected":false},"author":3,"featured_media":28409,"comment_status":"open","ping_status":"closed","sticky":false,"template":"","format":"standard","meta":{"_genesis_hide_title":false,"_genesis_hide_breadcrumbs":false,"_genesis_hide_singular_image":false,"_genesis_hide_footer_widgets":false,"_genesis_custom_body_class":"","_genesis_custom_post_class":"","_genesis_layout":"","_jetpack_memberships_contains_paid_content":false,"footnotes":""},"categories":[22,327],"tags":[],"class_list":{"0":"post-42945","1":"post","2":"type-post","3":"status-publish","4":"format-standard","5":"has-post-thumbnail","7":"category-brasil","8":"category-clima","9":"entry","10":"gs-1","11":"gs-odd","12":"gs-even","13":"gs-featured-content-entry"},"jetpack_featured_media_url":"https:\/\/www.redenoticia.com.br\/noticia\/imagens\/previsao-do-tempo-e-temperatura.jpg","jetpack_sharing_enabled":true,"jetpack_likes_enabled":true,"_links":{"self":[{"href":"https:\/\/www.redenoticia.com.br\/noticia\/wp-json\/wp\/v2\/posts\/42945","targetHints":{"allow":["GET"]}}],"collection":[{"href":"https:\/\/www.redenoticia.com.br\/noticia\/wp-json\/wp\/v2\/posts"}],"about":[{"href":"https:\/\/www.redenoticia.com.br\/noticia\/wp-json\/wp\/v2\/types\/post"}],"author":[{"embeddable":true,"href":"https:\/\/www.redenoticia.com.br\/noticia\/wp-json\/wp\/v2\/users\/3"}],"replies":[{"embeddable":true,"href":"https:\/\/www.redenoticia.com.br\/noticia\/wp-json\/wp\/v2\/comments?post=42945"}],"version-history":[{"count":0,"href":"https:\/\/www.redenoticia.com.br\/noticia\/wp-json\/wp\/v2\/posts\/42945\/revisions"}],"wp:featuredmedia":[{"embeddable":true,"href":"https:\/\/www.redenoticia.com.br\/noticia\/wp-json\/wp\/v2\/media\/28409"}],"wp:attachment":[{"href":"https:\/\/www.redenoticia.com.br\/noticia\/wp-json\/wp\/v2\/media?parent=42945"}],"wp:term":[{"taxonomy":"category","embeddable":true,"href":"https:\/\/www.redenoticia.com.br\/noticia\/wp-json\/wp\/v2\/categories?post=42945"},{"taxonomy":"post_tag","embeddable":true,"href":"https:\/\/www.redenoticia.com.br\/noticia\/wp-json\/wp\/v2\/tags?post=42945"}],"curies":[{"name":"wp","href":"https:\/\/api.w.org\/{rel}","templated":true}]}}