{"id":42787,"date":"2013-02-28T15:37:19","date_gmt":"2013-02-28T18:37:19","guid":{"rendered":"http:\/\/www.redenoticia.com.br\/noticia\/?p=42787"},"modified":"2013-03-01T20:23:31","modified_gmt":"2013-03-01T23:23:31","slug":"concurso-serpro-360-vagas-de-niveis-medio-e-superior","status":"publish","type":"post","link":"https:\/\/www.redenoticia.com.br\/noticia\/2013\/concurso-serpro-360-vagas-de-niveis-medio-e-superior\/42787","title":{"rendered":"Concurso Serpro &#8211; 360 vagas de n\u00edveis m\u00e9dio e superior"},"content":{"rendered":"<p><em><strong>Concurso Serpro Cespe\/UnB<\/strong><\/em> &#8211; O\u00a0Servi\u00e7o Federal de Processamento de Dados (Serpro) abriu concurso p\u00fablico para preencher 360 vagas nos cargos de Analista e T\u00e9cnico, sendo 19 oportunidades reservadas aos candidatos com defici\u00eancia. As vagas est\u00e3o distribu\u00eddas em 23 estados.<\/p>\n<p>Os interessados podem confirmar participa\u00e7\u00e3o no concurso acessando o endere\u00e7o\u00a0<a href=\"http:\/\/www.cespe.unb.br\/concursos\/serpro_13\" target=\"_blank\">www.cespe.unb.br\/concursos\/serpro_13<\/a>\u00a0entre os dias 7 e 27 de mar\u00e7o. A taxa \u00e9 R$ 95,00 para n\u00edvel superior e R$ 60,00 para n\u00edvel m\u00e9dio.<\/p>\n<p>SUPERIOR &#8211;\u00a0Para o cargo de Analista s\u00e3o oferecidas 213 vagas nas seguintes especializa\u00e7\u00f5es: Administra\u00e7\u00e3o de Servi\u00e7os de Tecnologia da Informa\u00e7\u00e3o, Advocacia, Arquivologia, Biblioteconomia, Comunica\u00e7\u00e3o Social, Desenho Instrucional, Desenvolvimento de Sistemas, Engenharia de Seguran\u00e7a do Trabalho, Engenharia El\u00e9trica, Engenharia Mec\u00e2nica, Gest\u00e3o de pessoas, Gest\u00e3o Empresarial, Gest\u00e3o Financeira, Gest\u00e3o Log\u00edstica, Medicina do Trabalho, Neg\u00f3cios em Tecnologia da Informa\u00e7\u00e3o, Per\u00edcia em C\u00e1lculo Judicial, Programa\u00e7\u00e3o Visual, Psicologia Organizacional e do Trabalho, Redes, Servi\u00e7o Social ou Suporte T\u00e9cnico. Para concorrer, os candidatos devem observar os requisitos de acesso previstos no edital de abertura. A remunera\u00e7\u00e3o varia entre R$ 2.601,95 e R$ 5.203,90, assim como a jornada de trabalho, que pode ser de 20, 30 ou 40 horas semanais, de acordo com o cargo escolhido.<\/p>\n<p>M\u00c9DIO \u2013\u00a0Para o cargo de T\u00e9cnico, est\u00e3o reservadas 147 vagas para candidatos que tenham qualifica\u00e7\u00e3o em Enfermagem do Trabalho, Opera\u00e7\u00e3o de Redes, Programa\u00e7\u00e3o e Controle de Servi\u00e7os de Tecnologia da Informa\u00e7\u00e3o, Seguran\u00e7a do Trabalho ou Suporte Administrativo. Para participar, \u00e9 necess\u00e1rio que o candidato tenha conclu\u00eddo o ensino m\u00e9dio ou equivalente, al\u00e9m de cursos complementares nas \u00e1reas exigidas em edital. A remunera\u00e7\u00e3o oferecida \u00e9 R$ 2.339,11 para uma jornada de trabalho de 40 horas semanais.<\/p>\n<p>Os candidatos ser\u00e3o avaliados por meio de provas objetivas de conhecimentos b\u00e1sicos e espec\u00edficos, que ser\u00e3o realizadas nas seguintes cidades: Aracaju (SE), Bel\u00e9m (PA), Boa Vista (RR), Bras\u00edlia (DF), Campo Grande (MS), Cuiab\u00e1 (MT), Curitiba (PR), Florian\u00f3polis (SC), Fortaleza (CE), Jo\u00e3o Pessoa (PB), Macei\u00f3 (AL), Manaus (AM), Natal (RN), Porto Alegre (RS), Porto Velho (RO), Recife (PE), Rio Branco (AC), Rio de Janeiro (RJ), Salvador (BA), S\u00e3o Lu\u00eds (MA), S\u00e3o Paulo (SP), Teresina (PI) e Vit\u00f3ria (ES). A data prov\u00e1vel para aplica\u00e7\u00e3o das provas \u00e9 5 de maio.<\/p>\n<p>SERVI\u00c7O<br \/>\nConcurso:\u00a0Servi\u00e7o Federal de Processamento de Dados (Serpro)<br \/>\nCargos: Analista e T\u00e9cnico<br \/>\nVagas:\u00a0360, sendo 213 para Analista e 147 para T\u00e9cnico<br \/>\nInscri\u00e7\u00f5es:\u00a0entre os dias 7 e 27 de mar\u00e7o<br \/>\nTaxas de inscri\u00e7\u00e3o:\u00a0R$ 95,00 (n\u00edvel superior) e R$ 60,00 (n\u00edvel m\u00e9dio).<br \/>\nRemunera\u00e7\u00e3o:\u00a0R$ 2.339,11 para T\u00e9cnico e entre R$ 2.601,95 e R$ 5.203,90 para Analista.<br \/>\nProvas objetivas:\u00a05 de maio<\/p>\n<p>CONTATO<br \/>\nOutras informa\u00e7\u00f5es no endere\u00e7o eletr\u00f4nico\u00a0<a href=\"http:\/\/www.cespe.unb.br\/concursos\/serpro_13\" target=\"_blank\">www.cespe.unb.br\/concursos\/serpro_13<\/a>\u00a0ou na Central de Atendimento do Cespe\/UnB, de segunda a sexta, das 8h \u00e0s 19h \u2013 Campus Universit\u00e1rio Darcy Ribeiro, Edif\u00edcio Sede do Cespe\/UnB \u2013 pelo telefone (61) 3448 0100.<\/p>\n","protected":false},"excerpt":{"rendered":"<p>Concurso Serpro Cespe\/UnB &#8211; O\u00a0Servi\u00e7o Federal de Processamento de Dados (Serpro) abriu concurso p\u00fablico para preencher 360 vagas nos cargos de Analista e T\u00e9cnico, sendo 19 oportunidades reservadas aos candidatos com defici\u00eancia. As vagas est\u00e3o distribu\u00eddas em 23 estados. Os interessados podem confirmar participa\u00e7\u00e3o no concurso acessando o endere\u00e7o\u00a0www.cespe.unb.br\/concursos\/serpro_13\u00a0entre os dias 7 e 27 de [&hellip;]<\/p>\n","protected":false},"author":3,"featured_media":28954,"comment_status":"open","ping_status":"closed","sticky":false,"template":"","format":"standard","meta":{"_genesis_hide_title":false,"_genesis_hide_breadcrumbs":false,"_genesis_hide_singular_image":false,"_genesis_hide_footer_widgets":false,"_genesis_custom_body_class":"","_genesis_custom_post_class":"","_genesis_layout":"","_jetpack_memberships_contains_paid_content":false,"footnotes":""},"categories":[22,352,370],"tags":[],"class_list":{"0":"post-42787","1":"post","2":"type-post","3":"status-publish","4":"format-standard","5":"has-post-thumbnail","7":"category-brasil","8":"category-concursos","9":"category-inscricao","10":"entry","11":"gs-1","12":"gs-odd","13":"gs-even","14":"gs-featured-content-entry"},"jetpack_featured_media_url":"https:\/\/www.redenoticia.com.br\/noticia\/imagens\/concurso-publico.jpg","jetpack_sharing_enabled":true,"jetpack_likes_enabled":true,"_links":{"self":[{"href":"https:\/\/www.redenoticia.com.br\/noticia\/wp-json\/wp\/v2\/posts\/42787","targetHints":{"allow":["GET"]}}],"collection":[{"href":"https:\/\/www.redenoticia.com.br\/noticia\/wp-json\/wp\/v2\/posts"}],"about":[{"href":"https:\/\/www.redenoticia.com.br\/noticia\/wp-json\/wp\/v2\/types\/post"}],"author":[{"embeddable":true,"href":"https:\/\/www.redenoticia.com.br\/noticia\/wp-json\/wp\/v2\/users\/3"}],"replies":[{"embeddable":true,"href":"https:\/\/www.redenoticia.com.br\/noticia\/wp-json\/wp\/v2\/comments?post=42787"}],"version-history":[{"count":0,"href":"https:\/\/www.redenoticia.com.br\/noticia\/wp-json\/wp\/v2\/posts\/42787\/revisions"}],"wp:featuredmedia":[{"embeddable":true,"href":"https:\/\/www.redenoticia.com.br\/noticia\/wp-json\/wp\/v2\/media\/28954"}],"wp:attachment":[{"href":"https:\/\/www.redenoticia.com.br\/noticia\/wp-json\/wp\/v2\/media?parent=42787"}],"wp:term":[{"taxonomy":"category","embeddable":true,"href":"https:\/\/www.redenoticia.com.br\/noticia\/wp-json\/wp\/v2\/categories?post=42787"},{"taxonomy":"post_tag","embeddable":true,"href":"https:\/\/www.redenoticia.com.br\/noticia\/wp-json\/wp\/v2\/tags?post=42787"}],"curies":[{"name":"wp","href":"https:\/\/api.w.org\/{rel}","templated":true}]}}