{"id":42760,"date":"2013-02-27T14:57:24","date_gmt":"2013-02-27T17:57:24","guid":{"rendered":"http:\/\/www.redenoticia.com.br\/noticia\/?p=42760"},"modified":"2013-02-27T14:57:24","modified_gmt":"2013-02-27T17:57:24","slug":"chuvas-diminuem-em-sp-e-temperaturas-ficam-mais-baixas","status":"publish","type":"post","link":"https:\/\/www.redenoticia.com.br\/noticia\/2013\/chuvas-diminuem-em-sp-e-temperaturas-ficam-mais-baixas\/42760","title":{"rendered":"Chuvas diminuem em SP e temperaturas ficam mais baixas"},"content":{"rendered":"<p>Uma <em><strong>frente fria<\/strong> <\/em>que est\u00e1 sobre o <em><strong>Sudeste<\/strong><\/em> ainda deixa o tempo inst\u00e1vel em parte do Estado de S\u00e3o Paulo.\u00a0No decorrer do dia a temperatura n\u00e3o sobre muito por conta dos ventos fortes que sopram de quadrante sul. Na Capital, os term\u00f4metros n\u00e3o passam dos 26\u00b0C e h\u00e1 previs\u00e3o de chuva fraca entre a tarde e noite. J\u00e1 no leste e nordeste paulista, divisa com Minas Gerais, regi\u00e3o que engloba a Serra da Mantiqueira, Vale do Para\u00edba, Campinas, Pirassununga, Franca e Ribeir\u00e3o Preto h\u00e1 condi\u00e7\u00e3o para chuva forte a partir da tarde. No litoral, espera-se chuva constante, por\u00e9m fraca.<\/p>\n<p>De acordo com os meteorologistas da Somar, na quinta-feira as chuvas mais fortes se concentram no norte do Estado, mas sem potencial para transtornos.Na Grande S\u00e3o Paulo ainda h\u00e1 previs\u00e3o de nebulosidade, al\u00e9m de temperatura mais baixa, com m\u00e1xima na casa dos 25\u00b0C na Capital. Ali\u00e1s, dos 26 dias desse m\u00eas, em apenas oito a temperatura ficou abaixo dos 28\u00b0C, e na m\u00e9dia, a cidade est\u00e1 1,3\u00b0C mais quente que o normal.<\/p>\n<p>Aos poucos, retorna o tempo seco para o Estado de S\u00e3o Paulo. Nos pr\u00f3ximos dias, os destaques ser\u00e3o a grande amplitude t\u00e9rmica, com madrugadas um pouco mais frias e tardes de calor, baixa umidade relativa do ar e elevado \u00edndice ultravioleta. &#8220;A pr\u00f3xima grande chuva dever\u00e1 aparecer somente no in\u00edcio da semana que vem. Portanto, o fim de semana ser\u00e1 com tempo seco, ensolarado e bastante proveitoso&#8221;, diz o meteorologista Celso Oliveira.<\/p>\n","protected":false},"excerpt":{"rendered":"<p>Uma frente fria que est\u00e1 sobre o Sudeste ainda deixa o tempo inst\u00e1vel em parte do Estado de S\u00e3o Paulo.\u00a0No decorrer do dia a temperatura n\u00e3o sobre muito por conta dos ventos fortes que sopram de quadrante sul. Na Capital, os term\u00f4metros n\u00e3o passam dos 26\u00b0C e h\u00e1 previs\u00e3o de chuva fraca entre a tarde [&hellip;]<\/p>\n","protected":false},"author":3,"featured_media":28409,"comment_status":"open","ping_status":"closed","sticky":false,"template":"","format":"standard","meta":{"_genesis_hide_title":false,"_genesis_hide_breadcrumbs":false,"_genesis_hide_singular_image":false,"_genesis_hide_footer_widgets":false,"_genesis_custom_body_class":"","_genesis_custom_post_class":"","_genesis_layout":"","_jetpack_memberships_contains_paid_content":false,"footnotes":""},"categories":[22,327],"tags":[],"class_list":{"0":"post-42760","1":"post","2":"type-post","3":"status-publish","4":"format-standard","5":"has-post-thumbnail","7":"category-brasil","8":"category-clima","9":"entry","10":"gs-1","11":"gs-odd","12":"gs-even","13":"gs-featured-content-entry"},"jetpack_featured_media_url":"https:\/\/www.redenoticia.com.br\/noticia\/imagens\/previsao-do-tempo-e-temperatura.jpg","jetpack_sharing_enabled":true,"jetpack_likes_enabled":true,"_links":{"self":[{"href":"https:\/\/www.redenoticia.com.br\/noticia\/wp-json\/wp\/v2\/posts\/42760","targetHints":{"allow":["GET"]}}],"collection":[{"href":"https:\/\/www.redenoticia.com.br\/noticia\/wp-json\/wp\/v2\/posts"}],"about":[{"href":"https:\/\/www.redenoticia.com.br\/noticia\/wp-json\/wp\/v2\/types\/post"}],"author":[{"embeddable":true,"href":"https:\/\/www.redenoticia.com.br\/noticia\/wp-json\/wp\/v2\/users\/3"}],"replies":[{"embeddable":true,"href":"https:\/\/www.redenoticia.com.br\/noticia\/wp-json\/wp\/v2\/comments?post=42760"}],"version-history":[{"count":0,"href":"https:\/\/www.redenoticia.com.br\/noticia\/wp-json\/wp\/v2\/posts\/42760\/revisions"}],"wp:featuredmedia":[{"embeddable":true,"href":"https:\/\/www.redenoticia.com.br\/noticia\/wp-json\/wp\/v2\/media\/28409"}],"wp:attachment":[{"href":"https:\/\/www.redenoticia.com.br\/noticia\/wp-json\/wp\/v2\/media?parent=42760"}],"wp:term":[{"taxonomy":"category","embeddable":true,"href":"https:\/\/www.redenoticia.com.br\/noticia\/wp-json\/wp\/v2\/categories?post=42760"},{"taxonomy":"post_tag","embeddable":true,"href":"https:\/\/www.redenoticia.com.br\/noticia\/wp-json\/wp\/v2\/tags?post=42760"}],"curies":[{"name":"wp","href":"https:\/\/api.w.org\/{rel}","templated":true}]}}