{"id":42624,"date":"2013-02-20T08:11:30","date_gmt":"2013-02-20T11:11:30","guid":{"rendered":"http:\/\/www.redenoticia.com.br\/noticia\/?p=42624"},"modified":"2013-02-21T08:52:13","modified_gmt":"2013-02-21T11:52:13","slug":"inscricoes-para-olimpiada-brasileira-de-astronomia","status":"publish","type":"post","link":"https:\/\/www.redenoticia.com.br\/noticia\/2013\/inscricoes-para-olimpiada-brasileira-de-astronomia\/42624","title":{"rendered":"Inscri\u00e7\u00f5es para Olimp\u00edada Brasileira de Astronomia"},"content":{"rendered":"<p>Ag\u00eancia FAPESP\u00a0\u2013 cerca de 1 milh\u00e3o de estudantes dos ensinos fundamental e m\u00e9dio do pa\u00eds devem participar este ano da 16\u00aa <em><strong>Olimp\u00edada Brasileira de Astronomia e Astron\u00e1utica<\/strong><\/em> (OBA).\u00a0Essa ao menos \u00e9 a expectativa dos organizadores do evento, que no ano passado distribuiu mais de 32 mil medalhas e contou com a participa\u00e7\u00e3o de 800 mil alunos do ensino fundamental e m\u00e9dio de cerca de 9 mil escolas de todas as regi\u00f5es brasileiras, envolvendo 64 mil professores.<\/p>\n<p>As inscri\u00e7\u00f5es v\u00e3o at\u00e9 o dia 13 de mar\u00e7o e as provas ser\u00e3o realizadas em 10 de maio, nas escolas.<\/p>\n<p>Dividida em quatro n\u00edveis (tr\u00eas para alunos do ensino fundamental e um para o ensino m\u00e9dio), cada prova ter\u00e1 dez perguntas: cinco de astronomia, tr\u00eas de astron\u00e1utica e duas de energia.<\/p>\n<p>\u201cAs quest\u00f5es ser\u00e3o, em sua maioria, de racioc\u00ednio l\u00f3gico. Muitas vezes, a resposta poder\u00e1 at\u00e9 constar nos enunciados de outras quest\u00f5es da mesma prova. Nossa miss\u00e3o principal \u00e9 levar a maior quantidade de informa\u00e7\u00f5es sobre astronomia e astron\u00e1utica, al\u00e9m de instigar o interesse dos jovens pelas ci\u00eancias espaciais\u201d, afirmou o astr\u00f4nomo Jo\u00e3o Batista Garcia Canalle, coordenador nacional da OBA e professor da Universidade do Estado do Rio de Janeiro (Uerj).<\/p>\n<p>Os estudantes mais bem classificados neste ano v\u00e3o integrar as equipes que representar\u00e3o o pa\u00eds nas olimp\u00edadas Internacional de Astronomia e Astrof\u00edsica e Latino-Americana de Astronomia e Astron\u00e1utica de 2014.<\/p>\n<p>A OBA \u00e9 coordenada por uma comiss\u00e3o formada por membros da Sociedade Astron\u00f4mica Brasileira (SAB) e da Ag\u00eancia Espacial Brasileira (AEB). Al\u00e9m de Canalle, o grupo respons\u00e1vel \u00e9 constitu\u00eddo pelos astr\u00f4nomos Tha\u00eds Moth\u00e9-Diniz (UFRJ), Douglas Falc\u00e3o (MAST\/MCTI), Jaime Fernando Villas da Rocha (UNIRIO) e pelo engenheiro aeroespacial Jos\u00e9 Bezerra Pessoa Filho (IAE).<\/p>\n<p>Mais informa\u00e7\u00f5es:\u00a0<a href=\"http:\/\/www.oba.org.br\/\" target=\"_blank\">www.oba.org.br<\/a><\/p>\n","protected":false},"excerpt":{"rendered":"<p>Ag\u00eancia FAPESP\u00a0\u2013 cerca de 1 milh\u00e3o de estudantes dos ensinos fundamental e m\u00e9dio do pa\u00eds devem participar este ano da 16\u00aa Olimp\u00edada Brasileira de Astronomia e Astron\u00e1utica (OBA).\u00a0Essa ao menos \u00e9 a expectativa dos organizadores do evento, que no ano passado distribuiu mais de 32 mil medalhas e contou com a participa\u00e7\u00e3o de 800 mil [&hellip;]<\/p>\n","protected":false},"author":3,"featured_media":28951,"comment_status":"open","ping_status":"closed","sticky":false,"template":"","format":"standard","meta":{"_genesis_hide_title":false,"_genesis_hide_breadcrumbs":false,"_genesis_hide_singular_image":false,"_genesis_hide_footer_widgets":false,"_genesis_custom_body_class":"","_genesis_custom_post_class":"","_genesis_layout":"","_jetpack_memberships_contains_paid_content":false,"footnotes":""},"categories":[22,370],"tags":[],"class_list":{"0":"post-42624","1":"post","2":"type-post","3":"status-publish","4":"format-standard","5":"has-post-thumbnail","7":"category-brasil","8":"category-inscricao","9":"entry","10":"gs-1","11":"gs-odd","12":"gs-even","13":"gs-featured-content-entry"},"jetpack_featured_media_url":"https:\/\/www.redenoticia.com.br\/noticia\/imagens\/concurso-inscricao-vagas-ate.jpg","jetpack_sharing_enabled":true,"jetpack_likes_enabled":true,"_links":{"self":[{"href":"https:\/\/www.redenoticia.com.br\/noticia\/wp-json\/wp\/v2\/posts\/42624","targetHints":{"allow":["GET"]}}],"collection":[{"href":"https:\/\/www.redenoticia.com.br\/noticia\/wp-json\/wp\/v2\/posts"}],"about":[{"href":"https:\/\/www.redenoticia.com.br\/noticia\/wp-json\/wp\/v2\/types\/post"}],"author":[{"embeddable":true,"href":"https:\/\/www.redenoticia.com.br\/noticia\/wp-json\/wp\/v2\/users\/3"}],"replies":[{"embeddable":true,"href":"https:\/\/www.redenoticia.com.br\/noticia\/wp-json\/wp\/v2\/comments?post=42624"}],"version-history":[{"count":0,"href":"https:\/\/www.redenoticia.com.br\/noticia\/wp-json\/wp\/v2\/posts\/42624\/revisions"}],"wp:featuredmedia":[{"embeddable":true,"href":"https:\/\/www.redenoticia.com.br\/noticia\/wp-json\/wp\/v2\/media\/28951"}],"wp:attachment":[{"href":"https:\/\/www.redenoticia.com.br\/noticia\/wp-json\/wp\/v2\/media?parent=42624"}],"wp:term":[{"taxonomy":"category","embeddable":true,"href":"https:\/\/www.redenoticia.com.br\/noticia\/wp-json\/wp\/v2\/categories?post=42624"},{"taxonomy":"post_tag","embeddable":true,"href":"https:\/\/www.redenoticia.com.br\/noticia\/wp-json\/wp\/v2\/tags?post=42624"}],"curies":[{"name":"wp","href":"https:\/\/api.w.org\/{rel}","templated":true}]}}